{"id":10687,"date":"2024-03-17T13:00:51","date_gmt":"2024-03-17T12:00:51","guid":{"rendered":"https:\/\/www.jeunessesmusicales.be\/bruxelles\/ateliers-parents-bebe-eveil-musical-lezards-615-copy\/"},"modified":"2024-03-11T11:52:42","modified_gmt":"2024-03-11T10:52:42","slug":"kidzik-jeunesses-musicales-atelier-musical-parents-enfant-polyrythmie-et-polyphonie-en-lien-avec-le-concert-de-la-mossa","status":"publish","type":"post","link":"https:\/\/www.jeunessesmusicales.be\/bruxelles\/kidzik-jeunesses-musicales-atelier-musical-parents-enfant-polyrythmie-et-polyphonie-en-lien-avec-le-concert-de-la-mossa\/","title":{"rendered":"Kidzik\/Jeunesses Musicales &#8211; Atelier musical parents-enfant \u00ab Polyrythmie et polyphonie en lien avec le concert de La M\u00f2ssa \u00bb"},"content":{"rendered":"<p style=\"text-align: justify;\"><span style=\"font-weight: 400;\">Les Jeunesses Musicales de Bruxelles vous proposent un atelier musical autour de la polyrythmie et de la polyphonie. Les participants sont invit\u00e9s au travers de petits exercices vocaux et de percussions corporelles \u00e0 d\u00e9couvrir ces deux formats musicaux qui permettent \u00e0 un collectif de se constituer, de s\u2019\u00e9couter et se mouvoir ensemble. Chaque individu trouve peu \u00e0 peu sa place dans cet ensemble et se laisse porter par la force du groupe. Un moment musical pour retrouver de l\u2019\u00e9nergie avant l\u2019arriv\u00e9e de l\u2019hiver !<\/span><\/p>\n<p>&nbsp;<\/p>\n<p><a rel=\"fancybox[10687]\" href=\"https:\/\/www.jeunessesmusicales.be\/bruxelles\/wp-content\/uploads\/sites\/7\/2024\/02\/COMPLET.jpg\" class=\"fancybox\"><img loading=\"lazy\" decoding=\"async\" class=\"size-medium wp-image-10795 aligncenter\" src=\"https:\/\/www.jeunessesmusicales.be\/bruxelles\/wp-content\/uploads\/sites\/7\/2024\/02\/COMPLET-300x167.jpg\" alt=\"\" width=\"300\" height=\"167\" srcset=\"https:\/\/www.jeunessesmusicales.be\/bruxelles\/wp-content\/uploads\/sites\/7\/2024\/02\/COMPLET-300x167.jpg 300w, https:\/\/www.jeunessesmusicales.be\/bruxelles\/wp-content\/uploads\/sites\/7\/2024\/02\/COMPLET-150x84.jpg 150w, https:\/\/www.jeunessesmusicales.be\/bruxelles\/wp-content\/uploads\/sites\/7\/2024\/02\/COMPLET.jpg 612w\" sizes=\"auto, (max-width: 300px) 100vw, 300px\" \/><\/a><\/p>\n<p>&nbsp;<\/p>\n<p style=\"text-align: right;\">En partenariat avec :<\/p>\n<p><img loading=\"lazy\" decoding=\"async\" class=\"wp-image-10701 alignright\" src=\"https:\/\/www.jeunessesmusicales.be\/bruxelles\/wp-content\/uploads\/sites\/7\/2023\/11\/kidzikA_noir-300x300.png\" alt=\"\" width=\"143\" height=\"143\" srcset=\"https:\/\/www.jeunessesmusicales.be\/bruxelles\/wp-content\/uploads\/sites\/7\/2023\/11\/kidzikA_noir-300x300.png 300w, https:\/\/www.jeunessesmusicales.be\/bruxelles\/wp-content\/uploads\/sites\/7\/2023\/11\/kidzikA_noir-1024x1024.png 1024w, https:\/\/www.jeunessesmusicales.be\/bruxelles\/wp-content\/uploads\/sites\/7\/2023\/11\/kidzikA_noir-150x150.png 150w, https:\/\/www.jeunessesmusicales.be\/bruxelles\/wp-content\/uploads\/sites\/7\/2023\/11\/kidzikA_noir-768x768.png 768w, https:\/\/www.jeunessesmusicales.be\/bruxelles\/wp-content\/uploads\/sites\/7\/2023\/11\/kidzikA_noir-105x105.png 105w, https:\/\/www.jeunessesmusicales.be\/bruxelles\/wp-content\/uploads\/sites\/7\/2023\/11\/kidzikA_noir-200x200.png 200w, https:\/\/www.jeunessesmusicales.be\/bruxelles\/wp-content\/uploads\/sites\/7\/2023\/11\/kidzikA_noir.png 1135w\" sizes=\"auto, (max-width: 143px) 100vw, 143px\" \/><br \/>\n<a rel=\"fancybox[10687]\" href=\"https:\/\/www.ixelles.be\/site\/index.php\"><img loading=\"lazy\" decoding=\"async\" class=\"wp-image-10054 alignright\" src=\"https:\/\/www.jeunessesmusicales.be\/bruxelles\/wp-content\/uploads\/sites\/7\/2023\/07\/Commune_Ixelles-removebg-preview.png\" alt=\"\" width=\"174\" height=\"77\" \/ class=\"fancybox\" srcset=\"https:\/\/www.jeunessesmusicales.be\/bruxelles\/wp-content\/uploads\/sites\/7\/2023\/07\/Commune_Ixelles-removebg-preview.png 300w, https:\/\/www.jeunessesmusicales.be\/bruxelles\/wp-content\/uploads\/sites\/7\/2023\/07\/Commune_Ixelles-removebg-preview-150x67.png 150w\" sizes=\"auto, (max-width: 174px) 100vw, 174px\" \/><\/a><\/p>\n<p>&nbsp;<\/p>\n","protected":false},"excerpt":{"rendered":"<p>Les Jeunesses Musicales de Bruxelles vous proposent un atelier musical autour de la polyrythmie et de la polyphonie. Les participants &hellip; <a href=\"https:\/\/www.jeunessesmusicales.be\/bruxelles\/kidzik-jeunesses-musicales-atelier-musical-parents-enfant-polyrythmie-et-polyphonie-en-lien-avec-le-concert-de-la-mossa\/\" class=\"more-link\">Continue reading <span class=\"screen-reader-text\">Kidzik\/Jeunesses Musicales &#8211; Atelier musical parents-enfant \u00ab Polyrythmie et polyphonie en lien avec le concert de La M\u00f2ssa \u00bb<\/span><\/a><\/p>\n","protected":false},"author":38,"featured_media":10691,"comment_status":"closed","ping_status":"closed","sticky":true,"template":"","format":"standard","meta":{"_acf_changed":false,"footnotes":""},"categories":[29],"tags":[],"class_list":["post-10687","post","type-post","status-publish","format-standard","has-post-thumbnail","hentry","category-ateliers-en-famille"],"acf":[],"aioseo_notices":[],"_links":{"self":[{"href":"https:\/\/www.jeunessesmusicales.be\/bruxelles\/wp-json\/wp\/v2\/posts\/10687","targetHints":{"allow":["GET"]}}],"collection":[{"href":"https:\/\/www.jeunessesmusicales.be\/bruxelles\/wp-json\/wp\/v2\/posts"}],"about":[{"href":"https:\/\/www.jeunessesmusicales.be\/bruxelles\/wp-json\/wp\/v2\/types\/post"}],"author":[{"embeddable":true,"href":"https:\/\/www.jeunessesmusicales.be\/bruxelles\/wp-json\/wp\/v2\/users\/38"}],"replies":[{"embeddable":true,"href":"https:\/\/www.jeunessesmusicales.be\/bruxelles\/wp-json\/wp\/v2\/comments?post=10687"}],"version-history":[{"count":11,"href":"https:\/\/www.jeunessesmusicales.be\/bruxelles\/wp-json\/wp\/v2\/posts\/10687\/revisions"}],"predecessor-version":[{"id":10810,"href":"https:\/\/www.jeunessesmusicales.be\/bruxelles\/wp-json\/wp\/v2\/posts\/10687\/revisions\/10810"}],"wp:featuredmedia":[{"embeddable":true,"href":"https:\/\/www.jeunessesmusicales.be\/bruxelles\/wp-json\/wp\/v2\/media\/10691"}],"wp:attachment":[{"href":"https:\/\/www.jeunessesmusicales.be\/bruxelles\/wp-json\/wp\/v2\/media?parent=10687"}],"wp:term":[{"taxonomy":"category","embeddable":true,"href":"https:\/\/www.jeunessesmusicales.be\/bruxelles\/wp-json\/wp\/v2\/categories?post=10687"},{"taxonomy":"post_tag","embeddable":true,"href":"https:\/\/www.jeunessesmusicales.be\/bruxelles\/wp-json\/wp\/v2\/tags?post=10687"}],"curies":[{"name":"wp","href":"https:\/\/api.w.org\/{rel}","templated":true}]}}