{"id":11397,"date":"2025-01-29T11:58:27","date_gmt":"2025-01-29T10:58:27","guid":{"rendered":"https:\/\/www.jeunessesmusicales.be\/bruxelles\/badi-le-rap-avec-les-enfants-chateau-du-karreveld-copy\/"},"modified":"2025-01-29T12:18:04","modified_gmt":"2025-01-29T11:18:04","slug":"badi-le-rap-avec-les-enfants-senghor","status":"publish","type":"post","link":"https:\/\/www.jeunessesmusicales.be\/bruxelles\/badi-le-rap-avec-les-enfants-senghor\/","title":{"rendered":"Badi \u201cLe rap avec les enfants\u201d @Senghor"},"content":{"rendered":"<h2 style=\"text-align: center;\">R\u00e9solument afro-futuriste et solidement engag\u00e9 !<\/h2>\n<p style=\"text-align: justify;\">En tant que figure embl\u00e9matique de la sc\u00e8ne hip-hop belge, Badibanga Ndeka \u2013 dit Badi \u2013 interroge le monde et bouscule les modes. Dandy fac\u00e9tieux, l\u2019artiste n\u2019a clairement pas sa langue en poche\u2026 et c\u2019est tant mieux ! Du genre \u00e0 chanter ce qui se chuchote, \u00e0 dire tout haut les r\u00e9alit\u00e9s du prol\u00e9tariat, il sourit, mais ne se trompe pas. Sous des m\u00e9lodies luxuriantes,ses textes soulignent les carences d\u2019une soci\u00e9t\u00e9 d\u00e9faillante.<\/p>\n<p style=\"text-align: justify;\">En suivant son parcours de fils d\u2019immigr\u00e9s Congolais, n\u00e9 et \u00e9lev\u00e9 en Belgique, Badi aborde des th\u00e8mes on ne peut plus d\u2019actualit\u00e9 tels que l\u2019histoire, la colonisation, le racisme et le m\u00e9tissage d\u2019une mani\u00e8re ironique et \u00e0 travers la musique qui invite \u00e0 la danse. Biberonn\u00e9 aux clips MTV et \u00e0 la rumba congolaise, l\u2019artiste s\u2019est b\u00e2ti une solide r\u00e9putation et a d\u00e9velopp\u00e9 un son bien \u00e0 lui. Disciple de Kanye West, il propose une musique afrofuturiste actuelle et flamboyante qui tend un pont entre la rumba congolaise et les musiques \u00e9lectroniques, entre le cr\u00e9ateur Virgil Abloh et le Premier ministre assassin\u00e9 Patrice Lumumba. Un afro-rap synth\u00e9tique au travers duquel il explore avec une conscience aiguis\u00e9e son histoire familiale et celle de la R\u00e9publique D\u00e9mocratique du Congo.<\/p>\n<p style=\"text-align: justify;\">Entre d\u00e9senchantement ultime et h\u00e9donisme absolu, cri de r\u00e9sistance et chant du c\u0153ur, Badi capte l\u2019air du temps. En phase avec les revendications du mouvement Black Lives Matter, l\u2019artiste \u00e9l\u00e8ve la voix sans exc\u00e8s de violence. Loin des pol\u00e9miques, \u00e0 l\u2019\u00e9cart des statues, il d\u00e9boulonne les pr\u00e9jug\u00e9s, combat l\u2019ignorance via ses chansons et favorise le dialogue interculturel, tout en c\u00e9l\u00e9brant la musique comme un des moyens d\u2019expression les plus beaux et puissants. Fort de son engagement, de la tol\u00e9rance et du vivre ensemble, il propose un projet \u00e9ducatif unique en son genre, souhaitant ardemment partager sa musique et ses messages avec la jeunesse.<\/p>\n<p>&nbsp;<\/p>\n<p><strong>ARTISTES<\/strong><\/p>\n<p style=\"padding-left: 40px;\"><span style=\"color: #ef3740;\">Badi (Ndeka Badibanga)<\/span> : lead<br \/>\n<span style=\"color: #ef3740;\">Youri Botteman<\/span> : guitare, clavier<br \/>\n<span style=\"color: #ef3740;\">Amine Kanzi<\/span> : percussions<\/p>\n<p>&nbsp;<\/p>\n<p style=\"text-align: right;\">En partenariat avec :<\/p>\n<p style=\"text-align: right;\">\u00a0 \u00a0 \u00a0\u00a0<a rel=\"fancybox[11397]\" href=\"https:\/\/www.jeunessesmusicales.be\/bruxelles\/wp-content\/uploads\/sites\/7\/2025\/03\/Logo-Kidzik-nouille.png\" class=\"fancybox\"><img loading=\"lazy\" decoding=\"async\" class=\"wp-image-11279  alignnone\" src=\"https:\/\/www.jeunessesmusicales.be\/bruxelles\/wp-content\/uploads\/sites\/7\/2025\/03\/Logo-Kidzik-nouille-300x300.png\" alt=\"\" width=\"161\" height=\"161\" \/><\/a> <a rel=\"fancybox[11397]\" href=\"https:\/\/www.jeunessesmusicales.be\/bruxelles\/wp-content\/uploads\/sites\/7\/2025\/01\/Logo-Le-Senghor.png\" class=\"fancybox\"><img loading=\"lazy\" decoding=\"async\" class=\"wp-image-11399  alignnone\" src=\"https:\/\/www.jeunessesmusicales.be\/bruxelles\/wp-content\/uploads\/sites\/7\/2025\/01\/Logo-Le-Senghor-300x246.png\" alt=\"\" width=\"184\" height=\"151\" srcset=\"https:\/\/www.jeunessesmusicales.be\/bruxelles\/wp-content\/uploads\/sites\/7\/2025\/01\/Logo-Le-Senghor-300x246.png 300w, https:\/\/www.jeunessesmusicales.be\/bruxelles\/wp-content\/uploads\/sites\/7\/2025\/01\/Logo-Le-Senghor-1024x841.png 1024w, https:\/\/www.jeunessesmusicales.be\/bruxelles\/wp-content\/uploads\/sites\/7\/2025\/01\/Logo-Le-Senghor-768x631.png 768w, https:\/\/www.jeunessesmusicales.be\/bruxelles\/wp-content\/uploads\/sites\/7\/2025\/01\/Logo-Le-Senghor-128x105.png 128w, https:\/\/www.jeunessesmusicales.be\/bruxelles\/wp-content\/uploads\/sites\/7\/2025\/01\/Logo-Le-Senghor.png 1478w\" sizes=\"auto, (max-width: 184px) 100vw, 184px\" \/><\/a><\/p>\n","protected":false},"excerpt":{"rendered":"<p>R\u00e9solument afro-futuriste et solidement engag\u00e9 ! En tant que figure embl\u00e9matique de la sc\u00e8ne hip-hop belge, Badibanga Ndeka \u2013 dit &hellip; <a href=\"https:\/\/www.jeunessesmusicales.be\/bruxelles\/badi-le-rap-avec-les-enfants-senghor\/\" class=\"more-link\">Continue reading <span class=\"screen-reader-text\">Badi \u201cLe rap avec les enfants\u201d @Senghor<\/span><\/a><\/p>\n","protected":false},"author":38,"featured_media":10974,"comment_status":"closed","ping_status":"closed","sticky":false,"template":"","format":"standard","meta":{"_acf_changed":false,"footnotes":""},"categories":[28],"tags":[],"class_list":["post-11397","post","type-post","status-publish","format-standard","has-post-thumbnail","hentry","category-tous-les-concerts-familiaux"],"acf":[],"aioseo_notices":[],"_links":{"self":[{"href":"https:\/\/www.jeunessesmusicales.be\/bruxelles\/wp-json\/wp\/v2\/posts\/11397","targetHints":{"allow":["GET"]}}],"collection":[{"href":"https:\/\/www.jeunessesmusicales.be\/bruxelles\/wp-json\/wp\/v2\/posts"}],"about":[{"href":"https:\/\/www.jeunessesmusicales.be\/bruxelles\/wp-json\/wp\/v2\/types\/post"}],"author":[{"embeddable":true,"href":"https:\/\/www.jeunessesmusicales.be\/bruxelles\/wp-json\/wp\/v2\/users\/38"}],"replies":[{"embeddable":true,"href":"https:\/\/www.jeunessesmusicales.be\/bruxelles\/wp-json\/wp\/v2\/comments?post=11397"}],"version-history":[{"count":2,"href":"https:\/\/www.jeunessesmusicales.be\/bruxelles\/wp-json\/wp\/v2\/posts\/11397\/revisions"}],"predecessor-version":[{"id":11400,"href":"https:\/\/www.jeunessesmusicales.be\/bruxelles\/wp-json\/wp\/v2\/posts\/11397\/revisions\/11400"}],"wp:featuredmedia":[{"embeddable":true,"href":"https:\/\/www.jeunessesmusicales.be\/bruxelles\/wp-json\/wp\/v2\/media\/10974"}],"wp:attachment":[{"href":"https:\/\/www.jeunessesmusicales.be\/bruxelles\/wp-json\/wp\/v2\/media?parent=11397"}],"wp:term":[{"taxonomy":"category","embeddable":true,"href":"https:\/\/www.jeunessesmusicales.be\/bruxelles\/wp-json\/wp\/v2\/categories?post=11397"},{"taxonomy":"post_tag","embeddable":true,"href":"https:\/\/www.jeunessesmusicales.be\/bruxelles\/wp-json\/wp\/v2\/tags?post=11397"}],"curies":[{"name":"wp","href":"https:\/\/api.w.org\/{rel}","templated":true}]}}