{"id":11663,"date":"2026-05-21T18:22:34","date_gmt":"2026-05-21T16:22:34","guid":{"rendered":"https:\/\/www.jeunessesmusicales.be\/bruxelles\/?p=11663"},"modified":"2025-08-09T18:30:06","modified_gmt":"2025-08-09T16:30:06","slug":"piwi-leman-le-ptit-bal-des-orignals-musee-charlier","status":"publish","type":"post","link":"https:\/\/www.jeunessesmusicales.be\/bruxelles\/piwi-leman-le-ptit-bal-des-orignals-musee-charlier\/","title":{"rendered":"Piwi Leman \u00ab\u00a0Le P\u2019tit Bal des Orignals\u00a0\u00bb @Mus\u00e9e Charlier"},"content":{"rendered":"<h2 style=\"text-align: center;\">Les aventures musicales d\u2019un trappeur du Grand Nord<\/h2>\n<p data-start=\"103\" data-end=\"285\"><strong data-start=\"103\" data-end=\"183\">Coureur des bois et saltimbanque, un peu chaman, clown, po\u00e8te et enchanteur,\u00a0<\/strong>Piwi Leman nous revient cette ann\u00e9e avec son nouveau spectacle :\u00a0<strong data-start=\"251\" data-end=\"284\">\u00ab Le P\u2019tit Bal des Orignals \u00bb<\/strong>. Apr\u00e8s\u00a0<strong data-start=\"293\" data-end=\"325\">\u00ab Le P\u2019tit Bal des Animals \u00bb<\/strong>\u00a0qui faisait la part belle \u00e0 la faune de nos for\u00eats voisines, il nous entra\u00eene aujourd\u2019hui \u00e0 la rencontre des animaux et des paysages de l\u2019<strong data-start=\"466\" data-end=\"486\">Am\u00e9rique du Nord<\/strong>. Au corps et au c\u0153ur de la nature, \u00e0 la rencontre des \u00eatres vivants qui l\u2019habitent,<br data-start=\"571\" data-end=\"574\" \/>tous seront chant\u00e9s et honor\u00e9s, du faucon au regard per\u00e7ant au grand orignal, en passant par l\u2019ing\u00e9nieux castor, la baleine solitaire, le puissant bison ou encore le myst\u00e9rieux loup.<\/p>\n<p data-start=\"760\" data-end=\"1109\">Au fil de ces multiples rencontres sont alors abord\u00e9es de nombreuses th\u00e9matiques :\u00a0<strong data-start=\"845\" data-end=\"1010\">sagesse, plaisir du travail bien fait, relation avec nos a\u00een\u00e9s, force du c\u0153ur, \u00e9coute, acceptation de soi et des autres, joie, r\u00eave, cr\u00e9ation et sens du sacr\u00e9\u2026\u00a0<\/strong>sans oublier bien s\u00fbr le respect de notre nature si pr\u00e9cieuse et de ses mille et une richesses ! \u00c0 travers un programme riche de sens, \u00e0 l\u2019\u00e9coute des choses simples de la vie, cette plong\u00e9e au c\u0153ur du Grand Nord nous invite \u00e0 l\u2019\u00e9veil des sens et \u00e0 une reconnexion \u00e0 la terre et \u00e0 soi, tout simplement.\u00a0<strong data-start=\"1318\" data-end=\"1334\">Wakantanka !<\/strong><\/p>\n<table style=\"width: 100%; border-collapse: collapse; border-style: outset; border-color: #71757e;\">\n<tbody>\n<tr>\n<td style=\"width: 100%; text-align: center;\"><span style=\"color: #ef3740;\"><strong><a style=\"color: #ef3740;\" href=\"https:\/\/youtu.be\/nlDUbzSAaBA\">D\u00c9COUVREZ LE SPECTACLE EN IMAGES<\/a> <\/strong><\/span><\/td>\n<\/tr>\n<\/tbody>\n<\/table>\n<p style=\"text-align: justify;\"><strong>ARTISTES<\/strong><\/p>\n<p><span style=\"color: #ef3740;\">Piwi Leman\u00a0<\/span>\u2013 Ukul\u00e9l\u00e9, arc \u00e0 fl\u00fbsique, scie musicale, banjol\u00e9l\u00e9, cigar box, cuill\u00e8res, sifflets, appeaux, percussions\u2026<\/p>\n<p>&nbsp;<\/p>\n<p style=\"text-align: right;\">En partenariat avec :<\/p>\n<p><a rel=\"fancybox[11663]\" href=\"http:\/\/www.charliermuseum.be\/fr\/\" target=\"_blank\" rel=\"fancybox[8663] noopener\"><img loading=\"lazy\" decoding=\"async\" class=\"alignright wp-image-8541\" src=\"https:\/\/www.jeunessesmusicales.be\/bruxelles\/wp-content\/uploads\/sites\/7\/2022\/08\/Muse%CC%81e_Charlier_logo-removebg-preview-300x109.png\" alt=\"\" width=\"97\" height=\"35\" \/ class=\"fancybox\"><\/a><\/p>\n","protected":false},"excerpt":{"rendered":"<p>Les aventures musicales d\u2019un trappeur du Grand Nord Coureur des bois et saltimbanque, un peu chaman, clown, po\u00e8te et enchanteur,\u00a0Piwi &hellip; <a href=\"https:\/\/www.jeunessesmusicales.be\/bruxelles\/piwi-leman-le-ptit-bal-des-orignals-musee-charlier\/\" class=\"more-link\">Continue reading <span class=\"screen-reader-text\">Piwi Leman \u00ab\u00a0Le P\u2019tit Bal des Orignals\u00a0\u00bb @Mus\u00e9e Charlier<\/span><\/a><\/p>\n","protected":false},"author":38,"featured_media":11665,"comment_status":"closed","ping_status":"closed","sticky":false,"template":"","format":"standard","meta":{"_acf_changed":false,"footnotes":""},"categories":[32],"tags":[],"class_list":["post-11663","post","type-post","status-publish","format-standard","has-post-thumbnail","hentry","category-toutes-les-sorties-scolaires"],"acf":[],"aioseo_notices":[],"aioseo_head":"\n\t\t<!-- All in One SEO 5.0.0.1 - aioseo.com -->\n\t<meta name=\"description\" content=\"Les aventures musicales d\u2019un trappeur du Grand Nord Coureur des bois et saltimbanque, un peu chaman, clown, po\u00e8te et enchanteur, Piwi Leman nous revient cette ann\u00e9e avec son nouveau spectacle : \u00ab Le P\u2019tit Bal des Orignals \u00bb. Apr\u00e8s \u00ab Le P\u2019tit Bal des Animals \u00bb qui faisait la part belle \u00e0 la faune de nos for\u00eats voisines, il\" \/>\n\t<meta name=\"robots\" content=\"max-image-preview:large\" \/>\n\t<meta name=\"author\" content=\"Manuella\"\/>\n\t<link rel=\"canonical\" href=\"https:\/\/www.jeunessesmusicales.be\/bruxelles\/piwi-leman-le-ptit-bal-des-orignals-musee-charlier\/\" \/>\n\t<meta name=\"generator\" content=\"All in One SEO (AIOSEO) 5.0.0.1\" \/>\n\t\t<meta property=\"og:locale\" content=\"fr_FR\" \/>\n\t\t<meta property=\"og:site_name\" content=\"Jeunesses Musicales Bruxelles - Le site des Jeunesses Musicales de Bruxelles\" \/>\n\t\t<meta property=\"og:type\" content=\"article\" \/>\n\t\t<meta property=\"og:title\" content=\"Piwi Leman \u00ab Le P\u2019tit Bal des Orignals \u00bb @Mus\u00e9e Charlier - Jeunesses Musicales Bruxelles\" \/>\n\t\t<meta property=\"og:description\" content=\"Les aventures musicales d\u2019un trappeur du Grand Nord Coureur des bois et saltimbanque, un peu chaman, clown, po\u00e8te et enchanteur, Piwi Leman nous revient cette ann\u00e9e avec son nouveau spectacle : \u00ab Le P\u2019tit Bal des Orignals \u00bb. Apr\u00e8s \u00ab Le P\u2019tit Bal des Animals \u00bb qui faisait la part belle \u00e0 la faune de nos for\u00eats voisines, il\" \/>\n\t\t<meta property=\"og:url\" content=\"https:\/\/www.jeunessesmusicales.be\/bruxelles\/piwi-leman-le-ptit-bal-des-orignals-musee-charlier\/\" \/>\n\t\t<meta property=\"article:published_time\" content=\"2026-05-21T16:22:34+00:00\" \/>\n\t\t<meta property=\"article:modified_time\" content=\"2025-08-09T16:30:06+00:00\" \/>\n\t\t<meta name=\"twitter:card\" content=\"summary\" \/>\n\t\t<meta name=\"twitter:title\" content=\"Piwi Leman \u00ab Le P\u2019tit Bal des Orignals \u00bb @Mus\u00e9e Charlier - Jeunesses Musicales Bruxelles\" \/>\n\t\t<meta name=\"twitter:description\" content=\"Les aventures musicales d\u2019un trappeur du Grand Nord Coureur des bois et saltimbanque, un peu chaman, clown, po\u00e8te et enchanteur, Piwi Leman nous revient cette ann\u00e9e avec son nouveau spectacle : \u00ab Le P\u2019tit Bal des Orignals \u00bb. Apr\u00e8s \u00ab Le P\u2019tit Bal des Animals \u00bb qui faisait la part belle \u00e0 la faune de nos for\u00eats voisines, il\" \/>\n\t\t<script type=\"application\/ld+json\" class=\"aioseo-schema\">\n\t\t\t{\"@context\":\"https:\\\/\\\/schema.org\",\"@graph\":[{\"@type\":\"BlogPosting\",\"@id\":\"https:\\\/\\\/www.jeunessesmusicales.be\\\/bruxelles\\\/piwi-leman-le-ptit-bal-des-orignals-musee-charlier\\\/#blogposting\",\"name\":\"Piwi Leman \\u00ab Le P\\u2019tit Bal des Orignals \\u00bb @Mus\\u00e9e Charlier - Jeunesses Musicales Bruxelles\",\"headline\":\"Piwi Leman \\u00ab\\u00a0Le P\\u2019tit Bal des Orignals\\u00a0\\u00bb @Mus\\u00e9e Charlier\",\"author\":{\"@id\":\"https:\\\/\\\/www.jeunessesmusicales.be\\\/bruxelles\\\/author\\\/guillaume\\\/#author\"},\"publisher\":{\"@id\":\"https:\\\/\\\/www.jeunessesmusicales.be\\\/bruxelles\\\/#organization\"},\"image\":{\"@type\":\"ImageObject\",\"url\":\"https:\\\/\\\/www.jeunessesmusicales.be\\\/bruxelles\\\/wp-content\\\/uploads\\\/sites\\\/7\\\/2025\\\/08\\\/Piwi-Leman-Le-Ptit-bal-des-Orignals-A\\u00a9SeI\\u0081bastien-Collette.jpg\",\"width\":1920,\"height\":1445},\"datePublished\":\"2026-05-21T18:22:34+02:00\",\"dateModified\":\"2025-08-09T18:30:06+02:00\",\"inLanguage\":\"fr-FR\",\"mainEntityOfPage\":{\"@id\":\"https:\\\/\\\/www.jeunessesmusicales.be\\\/bruxelles\\\/piwi-leman-le-ptit-bal-des-orignals-musee-charlier\\\/#webpage\"},\"isPartOf\":{\"@id\":\"https:\\\/\\\/www.jeunessesmusicales.be\\\/bruxelles\\\/piwi-leman-le-ptit-bal-des-orignals-musee-charlier\\\/#webpage\"},\"articleSection\":\"Toutes les sorties scolaires\"},{\"@type\":\"BreadcrumbList\",\"@id\":\"https:\\\/\\\/www.jeunessesmusicales.be\\\/bruxelles\\\/piwi-leman-le-ptit-bal-des-orignals-musee-charlier\\\/#breadcrumblist\",\"itemListElement\":[{\"@type\":\"ListItem\",\"@id\":\"https:\\\/\\\/www.jeunessesmusicales.be\\\/bruxelles#listItem\",\"position\":1,\"name\":\"Home\",\"item\":\"https:\\\/\\\/www.jeunessesmusicales.be\\\/bruxelles\",\"nextItem\":{\"@type\":\"ListItem\",\"@id\":\"https:\\\/\\\/www.jeunessesmusicales.be\\\/bruxelles\\\/category\\\/toutes-les-sorties-scolaires\\\/#listItem\",\"name\":\"Toutes les sorties scolaires\"}},{\"@type\":\"ListItem\",\"@id\":\"https:\\\/\\\/www.jeunessesmusicales.be\\\/bruxelles\\\/category\\\/toutes-les-sorties-scolaires\\\/#listItem\",\"position\":2,\"name\":\"Toutes les sorties scolaires\",\"item\":\"https:\\\/\\\/www.jeunessesmusicales.be\\\/bruxelles\\\/category\\\/toutes-les-sorties-scolaires\\\/\",\"nextItem\":{\"@type\":\"ListItem\",\"@id\":\"https:\\\/\\\/www.jeunessesmusicales.be\\\/bruxelles\\\/piwi-leman-le-ptit-bal-des-orignals-musee-charlier\\\/#listItem\",\"name\":\"Piwi Leman \\u00ab\\u00a0Le P\\u2019tit Bal des Orignals\\u00a0\\u00bb @Mus\\u00e9e Charlier\"},\"previousItem\":{\"@type\":\"ListItem\",\"@id\":\"https:\\\/\\\/www.jeunessesmusicales.be\\\/bruxelles#listItem\",\"name\":\"Home\"}},{\"@type\":\"ListItem\",\"@id\":\"https:\\\/\\\/www.jeunessesmusicales.be\\\/bruxelles\\\/piwi-leman-le-ptit-bal-des-orignals-musee-charlier\\\/#listItem\",\"position\":3,\"name\":\"Piwi Leman \\u00ab\\u00a0Le P\\u2019tit Bal des Orignals\\u00a0\\u00bb @Mus\\u00e9e Charlier\",\"previousItem\":{\"@type\":\"ListItem\",\"@id\":\"https:\\\/\\\/www.jeunessesmusicales.be\\\/bruxelles\\\/category\\\/toutes-les-sorties-scolaires\\\/#listItem\",\"name\":\"Toutes les sorties scolaires\"}}]},{\"@type\":\"Organization\",\"@id\":\"https:\\\/\\\/www.jeunessesmusicales.be\\\/bruxelles\\\/#organization\",\"name\":\"Jeunesses Musicales Bruxelles\",\"description\":\"Le site des Jeunesses Musicales de Bruxelles\",\"url\":\"https:\\\/\\\/www.jeunessesmusicales.be\\\/bruxelles\\\/\"},{\"@type\":\"Person\",\"@id\":\"https:\\\/\\\/www.jeunessesmusicales.be\\\/bruxelles\\\/author\\\/guillaume\\\/#author\",\"url\":\"https:\\\/\\\/www.jeunessesmusicales.be\\\/bruxelles\\\/author\\\/guillaume\\\/\",\"name\":\"Manuella\",\"image\":{\"@type\":\"ImageObject\",\"@id\":\"https:\\\/\\\/www.jeunessesmusicales.be\\\/bruxelles\\\/piwi-leman-le-ptit-bal-des-orignals-musee-charlier\\\/#authorImage\",\"url\":\"https:\\\/\\\/secure.gravatar.com\\\/avatar\\\/62ea93d6187191b246112ad50c1a000d27b20cd521dfabb69dcdf29dde9c359c?s=96&d=mm&r=g\",\"width\":96,\"height\":96,\"caption\":\"Manuella\"}},{\"@type\":\"WebPage\",\"@id\":\"https:\\\/\\\/www.jeunessesmusicales.be\\\/bruxelles\\\/piwi-leman-le-ptit-bal-des-orignals-musee-charlier\\\/#webpage\",\"url\":\"https:\\\/\\\/www.jeunessesmusicales.be\\\/bruxelles\\\/piwi-leman-le-ptit-bal-des-orignals-musee-charlier\\\/\",\"name\":\"Piwi Leman \\u00ab Le P\\u2019tit Bal des Orignals \\u00bb @Mus\\u00e9e Charlier - Jeunesses Musicales Bruxelles\",\"description\":\"Les aventures musicales d\\u2019un trappeur du Grand Nord Coureur des bois et saltimbanque, un peu chaman, clown, po\\u00e8te et enchanteur, Piwi Leman nous revient cette ann\\u00e9e avec son nouveau spectacle : \\u00ab Le P\\u2019tit Bal des Orignals \\u00bb. Apr\\u00e8s \\u00ab Le P\\u2019tit Bal des Animals \\u00bb qui faisait la part belle \\u00e0 la faune de nos for\\u00eats voisines, il\",\"inLanguage\":\"fr-FR\",\"isPartOf\":{\"@id\":\"https:\\\/\\\/www.jeunessesmusicales.be\\\/bruxelles\\\/#website\"},\"breadcrumb\":{\"@id\":\"https:\\\/\\\/www.jeunessesmusicales.be\\\/bruxelles\\\/piwi-leman-le-ptit-bal-des-orignals-musee-charlier\\\/#breadcrumblist\"},\"author\":{\"@id\":\"https:\\\/\\\/www.jeunessesmusicales.be\\\/bruxelles\\\/author\\\/guillaume\\\/#author\"},\"creator\":{\"@id\":\"https:\\\/\\\/www.jeunessesmusicales.be\\\/bruxelles\\\/author\\\/guillaume\\\/#author\"},\"image\":{\"@type\":\"ImageObject\",\"url\":\"https:\\\/\\\/www.jeunessesmusicales.be\\\/bruxelles\\\/wp-content\\\/uploads\\\/sites\\\/7\\\/2025\\\/08\\\/Piwi-Leman-Le-Ptit-bal-des-Orignals-A\\u00a9SeI\\u0081bastien-Collette.jpg\",\"@id\":\"https:\\\/\\\/www.jeunessesmusicales.be\\\/bruxelles\\\/piwi-leman-le-ptit-bal-des-orignals-musee-charlier\\\/#mainImage\",\"width\":1920,\"height\":1445},\"primaryImageOfPage\":{\"@id\":\"https:\\\/\\\/www.jeunessesmusicales.be\\\/bruxelles\\\/piwi-leman-le-ptit-bal-des-orignals-musee-charlier\\\/#mainImage\"},\"datePublished\":\"2026-05-21T18:22:34+02:00\",\"dateModified\":\"2025-08-09T18:30:06+02:00\"},{\"@type\":\"WebSite\",\"@id\":\"https:\\\/\\\/www.jeunessesmusicales.be\\\/bruxelles\\\/#website\",\"url\":\"https:\\\/\\\/www.jeunessesmusicales.be\\\/bruxelles\\\/\",\"name\":\"Jeunesses Musicales Bruxelles\",\"description\":\"Le site des Jeunesses Musicales de Bruxelles\",\"inLanguage\":\"fr-FR\",\"publisher\":{\"@id\":\"https:\\\/\\\/www.jeunessesmusicales.be\\\/bruxelles\\\/#organization\"}}]}\n\t\t<\/script>\n\t\t<!-- All in One SEO -->\n\n","aioseo_head_json":{"title":"Piwi Leman \u00ab Le P\u2019tit Bal des Orignals \u00bb @Mus\u00e9e Charlier - Jeunesses Musicales Bruxelles","description":"Les aventures musicales d\u2019un trappeur du Grand Nord Coureur des bois et saltimbanque, un peu chaman, clown, po\u00e8te et enchanteur, Piwi Leman nous revient cette ann\u00e9e avec son nouveau spectacle : \u00ab Le P\u2019tit Bal des Orignals \u00bb. Apr\u00e8s \u00ab Le P\u2019tit Bal des Animals \u00bb qui faisait la part belle \u00e0 la faune de nos for\u00eats voisines, il","canonical_url":"https:\/\/www.jeunessesmusicales.be\/bruxelles\/piwi-leman-le-ptit-bal-des-orignals-musee-charlier\/","robots":"max-image-preview:large","keywords":"","webmasterTools":{"miscellaneous":""},"schema":{"@context":"https:\/\/schema.org","@graph":[{"@type":"BlogPosting","@id":"https:\/\/www.jeunessesmusicales.be\/bruxelles\/piwi-leman-le-ptit-bal-des-orignals-musee-charlier\/#blogposting","name":"Piwi Leman \u00ab Le P\u2019tit Bal des Orignals \u00bb @Mus\u00e9e Charlier - Jeunesses Musicales Bruxelles","headline":"Piwi Leman \u00ab\u00a0Le P\u2019tit Bal des Orignals\u00a0\u00bb @Mus\u00e9e Charlier","author":{"@id":"https:\/\/www.jeunessesmusicales.be\/bruxelles\/author\/guillaume\/#author"},"publisher":{"@id":"https:\/\/www.jeunessesmusicales.be\/bruxelles\/#organization"},"image":{"@type":"ImageObject","url":"https:\/\/www.jeunessesmusicales.be\/bruxelles\/wp-content\/uploads\/sites\/7\/2025\/08\/Piwi-Leman-Le-Ptit-bal-des-Orignals-A\u00a9SeI\u0081bastien-Collette.jpg","width":1920,"height":1445},"datePublished":"2026-05-21T18:22:34+02:00","dateModified":"2025-08-09T18:30:06+02:00","inLanguage":"fr-FR","mainEntityOfPage":{"@id":"https:\/\/www.jeunessesmusicales.be\/bruxelles\/piwi-leman-le-ptit-bal-des-orignals-musee-charlier\/#webpage"},"isPartOf":{"@id":"https:\/\/www.jeunessesmusicales.be\/bruxelles\/piwi-leman-le-ptit-bal-des-orignals-musee-charlier\/#webpage"},"articleSection":"Toutes les sorties scolaires"},{"@type":"BreadcrumbList","@id":"https:\/\/www.jeunessesmusicales.be\/bruxelles\/piwi-leman-le-ptit-bal-des-orignals-musee-charlier\/#breadcrumblist","itemListElement":[{"@type":"ListItem","@id":"https:\/\/www.jeunessesmusicales.be\/bruxelles#listItem","position":1,"name":"Home","item":"https:\/\/www.jeunessesmusicales.be\/bruxelles","nextItem":{"@type":"ListItem","@id":"https:\/\/www.jeunessesmusicales.be\/bruxelles\/category\/toutes-les-sorties-scolaires\/#listItem","name":"Toutes les sorties scolaires"}},{"@type":"ListItem","@id":"https:\/\/www.jeunessesmusicales.be\/bruxelles\/category\/toutes-les-sorties-scolaires\/#listItem","position":2,"name":"Toutes les sorties scolaires","item":"https:\/\/www.jeunessesmusicales.be\/bruxelles\/category\/toutes-les-sorties-scolaires\/","nextItem":{"@type":"ListItem","@id":"https:\/\/www.jeunessesmusicales.be\/bruxelles\/piwi-leman-le-ptit-bal-des-orignals-musee-charlier\/#listItem","name":"Piwi Leman \u00ab\u00a0Le P\u2019tit Bal des Orignals\u00a0\u00bb @Mus\u00e9e Charlier"},"previousItem":{"@type":"ListItem","@id":"https:\/\/www.jeunessesmusicales.be\/bruxelles#listItem","name":"Home"}},{"@type":"ListItem","@id":"https:\/\/www.jeunessesmusicales.be\/bruxelles\/piwi-leman-le-ptit-bal-des-orignals-musee-charlier\/#listItem","position":3,"name":"Piwi Leman \u00ab\u00a0Le P\u2019tit Bal des Orignals\u00a0\u00bb @Mus\u00e9e Charlier","previousItem":{"@type":"ListItem","@id":"https:\/\/www.jeunessesmusicales.be\/bruxelles\/category\/toutes-les-sorties-scolaires\/#listItem","name":"Toutes les sorties scolaires"}}]},{"@type":"Organization","@id":"https:\/\/www.jeunessesmusicales.be\/bruxelles\/#organization","name":"Jeunesses Musicales Bruxelles","description":"Le site des Jeunesses Musicales de Bruxelles","url":"https:\/\/www.jeunessesmusicales.be\/bruxelles\/"},{"@type":"Person","@id":"https:\/\/www.jeunessesmusicales.be\/bruxelles\/author\/guillaume\/#author","url":"https:\/\/www.jeunessesmusicales.be\/bruxelles\/author\/guillaume\/","name":"Manuella","image":{"@type":"ImageObject","@id":"https:\/\/www.jeunessesmusicales.be\/bruxelles\/piwi-leman-le-ptit-bal-des-orignals-musee-charlier\/#authorImage","url":"https:\/\/secure.gravatar.com\/avatar\/62ea93d6187191b246112ad50c1a000d27b20cd521dfabb69dcdf29dde9c359c?s=96&d=mm&r=g","width":96,"height":96,"caption":"Manuella"}},{"@type":"WebPage","@id":"https:\/\/www.jeunessesmusicales.be\/bruxelles\/piwi-leman-le-ptit-bal-des-orignals-musee-charlier\/#webpage","url":"https:\/\/www.jeunessesmusicales.be\/bruxelles\/piwi-leman-le-ptit-bal-des-orignals-musee-charlier\/","name":"Piwi Leman \u00ab Le P\u2019tit Bal des Orignals \u00bb @Mus\u00e9e Charlier - Jeunesses Musicales Bruxelles","description":"Les aventures musicales d\u2019un trappeur du Grand Nord Coureur des bois et saltimbanque, un peu chaman, clown, po\u00e8te et enchanteur, Piwi Leman nous revient cette ann\u00e9e avec son nouveau spectacle : \u00ab Le P\u2019tit Bal des Orignals \u00bb. Apr\u00e8s \u00ab Le P\u2019tit Bal des Animals \u00bb qui faisait la part belle \u00e0 la faune de nos for\u00eats voisines, il","inLanguage":"fr-FR","isPartOf":{"@id":"https:\/\/www.jeunessesmusicales.be\/bruxelles\/#website"},"breadcrumb":{"@id":"https:\/\/www.jeunessesmusicales.be\/bruxelles\/piwi-leman-le-ptit-bal-des-orignals-musee-charlier\/#breadcrumblist"},"author":{"@id":"https:\/\/www.jeunessesmusicales.be\/bruxelles\/author\/guillaume\/#author"},"creator":{"@id":"https:\/\/www.jeunessesmusicales.be\/bruxelles\/author\/guillaume\/#author"},"image":{"@type":"ImageObject","url":"https:\/\/www.jeunessesmusicales.be\/bruxelles\/wp-content\/uploads\/sites\/7\/2025\/08\/Piwi-Leman-Le-Ptit-bal-des-Orignals-A\u00a9SeI\u0081bastien-Collette.jpg","@id":"https:\/\/www.jeunessesmusicales.be\/bruxelles\/piwi-leman-le-ptit-bal-des-orignals-musee-charlier\/#mainImage","width":1920,"height":1445},"primaryImageOfPage":{"@id":"https:\/\/www.jeunessesmusicales.be\/bruxelles\/piwi-leman-le-ptit-bal-des-orignals-musee-charlier\/#mainImage"},"datePublished":"2026-05-21T18:22:34+02:00","dateModified":"2025-08-09T18:30:06+02:00"},{"@type":"WebSite","@id":"https:\/\/www.jeunessesmusicales.be\/bruxelles\/#website","url":"https:\/\/www.jeunessesmusicales.be\/bruxelles\/","name":"Jeunesses Musicales Bruxelles","description":"Le site des Jeunesses Musicales de Bruxelles","inLanguage":"fr-FR","publisher":{"@id":"https:\/\/www.jeunessesmusicales.be\/bruxelles\/#organization"}}]},"og:locale":"fr_FR","og:site_name":"Jeunesses Musicales Bruxelles - Le site des Jeunesses Musicales de Bruxelles","og:type":"article","og:title":"Piwi Leman \u00ab Le P\u2019tit Bal des Orignals \u00bb @Mus\u00e9e Charlier - Jeunesses Musicales Bruxelles","og:description":"Les aventures musicales d\u2019un trappeur du Grand Nord Coureur des bois et saltimbanque, un peu chaman, clown, po\u00e8te et enchanteur, Piwi Leman nous revient cette ann\u00e9e avec son nouveau spectacle : \u00ab Le P\u2019tit Bal des Orignals \u00bb. Apr\u00e8s \u00ab Le P\u2019tit Bal des Animals \u00bb qui faisait la part belle \u00e0 la faune de nos for\u00eats voisines, il","og:url":"https:\/\/www.jeunessesmusicales.be\/bruxelles\/piwi-leman-le-ptit-bal-des-orignals-musee-charlier\/","article:published_time":"2026-05-21T16:22:34+00:00","article:modified_time":"2025-08-09T16:30:06+00:00","twitter:card":"summary","twitter:title":"Piwi Leman \u00ab Le P\u2019tit Bal des Orignals \u00bb @Mus\u00e9e Charlier - Jeunesses Musicales Bruxelles","twitter:description":"Les aventures musicales d\u2019un trappeur du Grand Nord Coureur des bois et saltimbanque, un peu chaman, clown, po\u00e8te et enchanteur, Piwi Leman nous revient cette ann\u00e9e avec son nouveau spectacle : \u00ab Le P\u2019tit Bal des Orignals \u00bb. Apr\u00e8s \u00ab Le P\u2019tit Bal des Animals \u00bb qui faisait la part belle \u00e0 la faune de nos for\u00eats voisines, il"},"aioseo_meta_data":{"post_id":"11663","title":null,"description":null,"keywords":null,"keyphrases":{"focus":[],"additional":[]},"primary_term":null,"canonical_url":null,"og_title":null,"og_description":null,"og_object_type":"default","og_image_type":"default","og_image_url":null,"og_image_width":null,"og_image_height":null,"og_image_custom_url":null,"og_image_custom_fields":null,"og_video":"","og_custom_url":null,"og_article_section":null,"og_article_tags":null,"twitter_use_og":false,"twitter_card":"default","twitter_image_type":"default","twitter_image_url":null,"twitter_image_custom_url":null,"twitter_image_custom_fields":null,"twitter_title":null,"twitter_description":null,"schema":{"blockGraphs":[],"customGraphs":[],"default":{"data":{"Article":[],"Course":[],"Dataset":[],"FAQPage":[],"Movie":[],"Person":[],"Product":[],"ProductReview":[],"Car":[],"Recipe":[],"Service":[],"SoftwareApplication":[],"WebPage":[]},"graphName":"BlogPosting","isEnabled":true},"graphs":[]},"schema_type":"default","schema_type_options":null,"pillar_content":false,"robots_default":true,"robots_noindex":false,"robots_noarchive":false,"robots_nosnippet":false,"robots_nofollow":false,"robots_noimageindex":false,"robots_noodp":false,"robots_notranslate":false,"robots_max_snippet":"-1","robots_max_videopreview":"-1","robots_max_imagepreview":"large","priority":null,"frequency":"default","local_seo":null,"breadcrumb_settings":null,"limit_modified_date":false,"ai":null,"created":"2025-08-09 16:29:20","updated":"2026-08-19 12:24:16","focus_keyword":null,"additional_keywords":null,"truseo_locale":null,"seo_analyzer_scan_date":null},"aioseo_breadcrumb":"<div class=\"aioseo-breadcrumbs\"><span class=\"aioseo-breadcrumb\">\n\t\t\t<a href=\"https:\/\/www.jeunessesmusicales.be\/bruxelles\" title=\"Home\">Home<\/a>\n\t\t<\/span><span class=\"aioseo-breadcrumb-separator\">&raquo;<\/span><span class=\"aioseo-breadcrumb\">\n\t\t\t<a href=\"https:\/\/www.jeunessesmusicales.be\/bruxelles\/category\/toutes-les-sorties-scolaires\/\" title=\"Toutes les sorties scolaires\">Toutes les sorties scolaires<\/a>\n\t\t<\/span><span class=\"aioseo-breadcrumb-separator\">&raquo;<\/span><span class=\"aioseo-breadcrumb\">\n\t\t\tPiwi Leman \u00ab Le P\u2019tit Bal des Orignals \u00bb @Mus\u00e9e Charlier\n\t\t<\/span><\/div>","aioseo_breadcrumb_json":[{"label":"Home","link":"https:\/\/www.jeunessesmusicales.be\/bruxelles"},{"label":"Toutes les sorties scolaires","link":"https:\/\/www.jeunessesmusicales.be\/bruxelles\/category\/toutes-les-sorties-scolaires\/"},{"label":"Piwi Leman \u00ab\u00a0Le P\u2019tit Bal des Orignals\u00a0\u00bb @Mus\u00e9e Charlier","link":"https:\/\/www.jeunessesmusicales.be\/bruxelles\/piwi-leman-le-ptit-bal-des-orignals-musee-charlier\/"}],"_links":{"self":[{"href":"https:\/\/www.jeunessesmusicales.be\/bruxelles\/wp-json\/wp\/v2\/posts\/11663","targetHints":{"allow":["GET"]}}],"collection":[{"href":"https:\/\/www.jeunessesmusicales.be\/bruxelles\/wp-json\/wp\/v2\/posts"}],"about":[{"href":"https:\/\/www.jeunessesmusicales.be\/bruxelles\/wp-json\/wp\/v2\/types\/post"}],"author":[{"embeddable":true,"href":"https:\/\/www.jeunessesmusicales.be\/bruxelles\/wp-json\/wp\/v2\/users\/38"}],"replies":[{"embeddable":true,"href":"https:\/\/www.jeunessesmusicales.be\/bruxelles\/wp-json\/wp\/v2\/comments?post=11663"}],"version-history":[{"count":2,"href":"https:\/\/www.jeunessesmusicales.be\/bruxelles\/wp-json\/wp\/v2\/posts\/11663\/revisions"}],"predecessor-version":[{"id":11667,"href":"https:\/\/www.jeunessesmusicales.be\/bruxelles\/wp-json\/wp\/v2\/posts\/11663\/revisions\/11667"}],"wp:featuredmedia":[{"embeddable":true,"href":"https:\/\/www.jeunessesmusicales.be\/bruxelles\/wp-json\/wp\/v2\/media\/11665"}],"wp:attachment":[{"href":"https:\/\/www.jeunessesmusicales.be\/bruxelles\/wp-json\/wp\/v2\/media?parent=11663"}],"wp:term":[{"taxonomy":"category","embeddable":true,"href":"https:\/\/www.jeunessesmusicales.be\/bruxelles\/wp-json\/wp\/v2\/categories?post=11663"},{"taxonomy":"post_tag","embeddable":true,"href":"https:\/\/www.jeunessesmusicales.be\/bruxelles\/wp-json\/wp\/v2\/tags?post=11663"}],"curies":[{"name":"wp","href":"https:\/\/api.w.org\/{rel}","templated":true}]}}