{"id":12197,"date":"2026-01-26T14:48:56","date_gmt":"2026-01-26T13:48:56","guid":{"rendered":"https:\/\/www.jeunessesmusicales.be\/bruxelles\/?p=12197"},"modified":"2026-04-10T15:35:12","modified_gmt":"2026-04-10T13:35:12","slug":"stage-dehors-iv-enfants-de-8-a-12-ans-la-cambre-horta","status":"publish","type":"post","link":"https:\/\/www.jeunessesmusicales.be\/bruxelles\/stage-dehors-iv-enfants-de-8-a-12-ans-la-cambre-horta\/","title":{"rendered":"Stage \u00ab\u00a0Dehors IV\u00a0\u00bb : initiation \u00e0 la danse hip hop et au graffiti"},"content":{"rendered":"<p><span lang=\"fr-FR\">Les Jeunesses Musicales de Bruxelles et le CIVA s\u2019associent pour proposer une semaine de d\u00e9couverte de la culture hip hop. <\/span><\/p>\n<p><span lang=\"fr-FR\">Les participants se plongeront dans l&rsquo;art du mouvement et de la danse hip hop et dans la pratique du graffiti. <\/span><\/p>\n<p><span lang=\"fr-FR\">Ils d\u00e9couvriront aussi les quartiers de Bruxelles o\u00f9 fleurissent ces expressions artistiques, cr\u00e9ant ainsi un lien entre l\u2019histoire des quartiers et la pratique actuelle du hip hop.<\/span><\/p>\n","protected":false},"excerpt":{"rendered":"<p>Les Jeunesses Musicales de Bruxelles et le CIVA s\u2019associent pour proposer une semaine de d\u00e9couverte de la culture hip hop. &hellip; <a href=\"https:\/\/www.jeunessesmusicales.be\/bruxelles\/stage-dehors-iv-enfants-de-8-a-12-ans-la-cambre-horta\/\" class=\"more-link\">Continue reading <span class=\"screen-reader-text\">Stage \u00ab\u00a0Dehors IV\u00a0\u00bb : initiation \u00e0 la danse hip hop et au graffiti<\/span><\/a><\/p>\n","protected":false},"author":38,"featured_media":12166,"comment_status":"closed","ping_status":"closed","sticky":false,"template":"","format":"standard","meta":{"_acf_changed":false,"footnotes":""},"categories":[1],"tags":[],"class_list":["post-12197","post","type-post","status-publish","format-standard","has-post-thumbnail","hentry","category-non-classe"],"acf":[],"aioseo_notices":[],"_links":{"self":[{"href":"https:\/\/www.jeunessesmusicales.be\/bruxelles\/wp-json\/wp\/v2\/posts\/12197","targetHints":{"allow":["GET"]}}],"collection":[{"href":"https:\/\/www.jeunessesmusicales.be\/bruxelles\/wp-json\/wp\/v2\/posts"}],"about":[{"href":"https:\/\/www.jeunessesmusicales.be\/bruxelles\/wp-json\/wp\/v2\/types\/post"}],"author":[{"embeddable":true,"href":"https:\/\/www.jeunessesmusicales.be\/bruxelles\/wp-json\/wp\/v2\/users\/38"}],"replies":[{"embeddable":true,"href":"https:\/\/www.jeunessesmusicales.be\/bruxelles\/wp-json\/wp\/v2\/comments?post=12197"}],"version-history":[{"count":4,"href":"https:\/\/www.jeunessesmusicales.be\/bruxelles\/wp-json\/wp\/v2\/posts\/12197\/revisions"}],"predecessor-version":[{"id":12253,"href":"https:\/\/www.jeunessesmusicales.be\/bruxelles\/wp-json\/wp\/v2\/posts\/12197\/revisions\/12253"}],"wp:featuredmedia":[{"embeddable":true,"href":"https:\/\/www.jeunessesmusicales.be\/bruxelles\/wp-json\/wp\/v2\/media\/12166"}],"wp:attachment":[{"href":"https:\/\/www.jeunessesmusicales.be\/bruxelles\/wp-json\/wp\/v2\/media?parent=12197"}],"wp:term":[{"taxonomy":"category","embeddable":true,"href":"https:\/\/www.jeunessesmusicales.be\/bruxelles\/wp-json\/wp\/v2\/categories?post=12197"},{"taxonomy":"post_tag","embeddable":true,"href":"https:\/\/www.jeunessesmusicales.be\/bruxelles\/wp-json\/wp\/v2\/tags?post=12197"}],"curies":[{"name":"wp","href":"https:\/\/api.w.org\/{rel}","templated":true}]}}