{"id":7159,"date":"2025-03-12T14:30:56","date_gmt":"2025-03-12T13:30:56","guid":{"rendered":"https:\/\/www.jeunessesmusicales.be\/bruxelles\/mercelis-yasuni-copy\/"},"modified":"2025-03-07T15:04:03","modified_gmt":"2025-03-07T14:04:03","slug":"estelle-balde-stella-theatre-mercelis","status":"publish","type":"post","link":"https:\/\/www.jeunessesmusicales.be\/bruxelles\/estelle-balde-stella-theatre-mercelis\/","title":{"rendered":"KIDZIK &#8211; Estelle Bald\u00e9 \u201cStella\u201d @Th\u00e9\u00e2tre Mercelis"},"content":{"rendered":"<h2 style=\"text-align: center;\">Ritournelle \u00e0 forte charge \u00e9motionnelle<\/h2>\n<p style=\"text-align: justify;\">Estelle Bald\u00e9 est une jeune musicienne belgo-guin\u00e9enne qui \u00e9crit en fran\u00e7ais et en pular des textes qu\u2019elle met en musique avec des compositions ouvrant sur la soul, l\u2019afro, la chanson fran\u00e7aise et la bossa nova. Stella, \u00ab \u00e9toile \u00bb en latin, clin d\u2019\u0153il \u00e0 son pr\u00e9nom, \u00e9voque le cheminement parcouru depuis qu\u2019un jour, elle prend la d\u00e9cision de ne plus se cacher derri\u00e8re une chevelure lisse. Embrassant sa destin\u00e9e, elle coupe ses cheveux, se retrouve sur sc\u00e8ne et fait entendre sa voix, celle aussi des femmes du monde entier\u2026<\/p>\n<p style=\"text-align: justify;\">Apr\u00e8s l\u2019obtention de son dipl\u00f4me en droit international, Estelle vit pleinement sa passion pour la musique et sort D\u00e9sir du c\u0153ur, son premier EP, en 2020, ce qui lui vaudra une invitation pour l\u2019inauguration de l\u2019exposition universelle de Duba\u00ef, une prestation sur TV5 Monde \u00e0 l\u2019occasion de la Journ\u00e9e internationale de la Francophonie 2021, d\u2019appara\u00eetre au festival Hello Summer 2021, au Th\u00e9\u00e2tre national lors des<\/p>\n<p style=\"text-align: justify;\">\u00ab Golden Afro Artistic Awards \u00bb et au concours \u00ab Du F. dans le texte \u00bb 2021.<\/p>\n<p style=\"text-align: justify;\">\u00ab Si tu ne sais pas \u00eatre un soleil, sois une \u00e9toile \u00bb, cette phrase de Martin Luther King est un fil rouge : \u00eatre la meilleure version de soi-m\u00eame, aider son prochain, \u00eatre solidaire\u2026 Pr\u00f4nant l\u2019acceptation des diff\u00e9rences, \u00e0 la recherche de sa propre humanit\u00e9 au travers de celle des autres, Estelle c\u00e9l\u00e8bre l\u2019Amour et la libert\u00e9 qu\u2019offre ce dernier lorsqu\u2019il est transmis sans retenue.<\/p>\n<p><strong>ARTISTES<\/strong><\/p>\n<p style=\"padding-left: 40px;\"><span style=\"color: #ef3740;\">Estelle Bald\u00e9<\/span> : voix, guitare acoustique ou \u00e9lectrique<br \/>\n<span style=\"color: #ef3740;\">Th\u00e9o Zipper<\/span> : basse<br \/>\n<span style=\"color: #ef3740;\">Thierry Massamba <\/span>\u00a0: percussions<br \/>\n<span style=\"color: #ef3740;\">Joshua Twambi<\/span> : piano<\/p>\n<p style=\"text-align: right;\"><span style=\"text-align: justify;\">Avec le soutien du Bourgmestre, de l&rsquo;\u00c9chevin de la Culture, du Coll\u00e8ge des Bourgmestre et \u00c9chevins et du Service Culture de la Commune d&rsquo;Ixelles.<\/span><\/p>\n<p>\u00a0 \u00a0 \u00a0 \u00a0 \u00a0 \u00a0 \u00a0 \u00a0 \u00a0 \u00a0 \u00a0 \u00a0 \u00a0 \u00a0 \u00a0 \u00a0 \u00a0 \u00a0 \u00a0 \u00a0 \u00a0 \u00a0 \u00a0 \u00a0 \u00a0 \u00a0 \u00a0 \u00a0 \u00a0 \u00a0 \u00a0 \u00a0 \u00a0 \u00a0 \u00a0 \u00a0 \u00a0 \u00a0 \u00a0 \u00a0 \u00a0 \u00a0 \u00a0 \u00a0 \u00a0 \u00a0 \u00a0 \u00a0 \u00a0 \u00a0 \u00a0 \u00a0 \u00a0 \u00a0 \u00a0 \u00a0 \u00a0 \u00a0 \u00a0 \u00a0 \u00a0 \u00a0 \u00a0 \u00a0 \u00a0 \u00a0 \u00a0 \u00a0 \u00a0 \u00a0 \u00a0 \u00a0 \u00a0 \u00a0 \u00a0 \u00a0 \u00a0 \u00a0 \u00a0 <img loading=\"lazy\" decoding=\"async\" class=\"wp-image-11279 alignnone\" src=\"https:\/\/www.jeunessesmusicales.be\/bruxelles\/wp-content\/uploads\/sites\/7\/2025\/03\/Logo-Kidzik-nouille-300x300.png\" alt=\"\" width=\"92\" height=\"92\" \/><img loading=\"lazy\" decoding=\"async\" class=\"wp-image-6612 alignnone\" src=\"https:\/\/www.jeunessesmusicales.be\/bruxelles\/wp-content\/uploads\/sites\/7\/2021\/08\/logo-ixelles.png\" alt=\"\" width=\"100\" height=\"46\" srcset=\"https:\/\/www.jeunessesmusicales.be\/bruxelles\/wp-content\/uploads\/sites\/7\/2021\/08\/logo-ixelles.png 174w, https:\/\/www.jeunessesmusicales.be\/bruxelles\/wp-content\/uploads\/sites\/7\/2021\/08\/logo-ixelles-150x69.png 150w\" sizes=\"auto, (max-width: 100px) 100vw, 100px\" \/><\/p>\n","protected":false},"excerpt":{"rendered":"<p>Ritournelle \u00e0 forte charge \u00e9motionnelle Estelle Bald\u00e9 est une jeune musicienne belgo-guin\u00e9enne qui \u00e9crit en fran\u00e7ais et en pular des &hellip; <a href=\"https:\/\/www.jeunessesmusicales.be\/bruxelles\/estelle-balde-stella-theatre-mercelis\/\" class=\"more-link\">Continue reading <span class=\"screen-reader-text\">KIDZIK &#8211; Estelle Bald\u00e9 \u201cStella\u201d @Th\u00e9\u00e2tre Mercelis<\/span><\/a><\/p>\n","protected":false},"author":38,"featured_media":10907,"comment_status":"closed","ping_status":"closed","sticky":true,"template":"","format":"standard","meta":{"_acf_changed":false,"footnotes":""},"categories":[28],"tags":[],"class_list":["post-7159","post","type-post","status-publish","format-standard","has-post-thumbnail","hentry","category-tous-les-concerts-familiaux"],"acf":[],"aioseo_notices":[],"_links":{"self":[{"href":"https:\/\/www.jeunessesmusicales.be\/bruxelles\/wp-json\/wp\/v2\/posts\/7159","targetHints":{"allow":["GET"]}}],"collection":[{"href":"https:\/\/www.jeunessesmusicales.be\/bruxelles\/wp-json\/wp\/v2\/posts"}],"about":[{"href":"https:\/\/www.jeunessesmusicales.be\/bruxelles\/wp-json\/wp\/v2\/types\/post"}],"author":[{"embeddable":true,"href":"https:\/\/www.jeunessesmusicales.be\/bruxelles\/wp-json\/wp\/v2\/users\/38"}],"replies":[{"embeddable":true,"href":"https:\/\/www.jeunessesmusicales.be\/bruxelles\/wp-json\/wp\/v2\/comments?post=7159"}],"version-history":[{"count":29,"href":"https:\/\/www.jeunessesmusicales.be\/bruxelles\/wp-json\/wp\/v2\/posts\/7159\/revisions"}],"predecessor-version":[{"id":11414,"href":"https:\/\/www.jeunessesmusicales.be\/bruxelles\/wp-json\/wp\/v2\/posts\/7159\/revisions\/11414"}],"wp:featuredmedia":[{"embeddable":true,"href":"https:\/\/www.jeunessesmusicales.be\/bruxelles\/wp-json\/wp\/v2\/media\/10907"}],"wp:attachment":[{"href":"https:\/\/www.jeunessesmusicales.be\/bruxelles\/wp-json\/wp\/v2\/media?parent=7159"}],"wp:term":[{"taxonomy":"category","embeddable":true,"href":"https:\/\/www.jeunessesmusicales.be\/bruxelles\/wp-json\/wp\/v2\/categories?post=7159"},{"taxonomy":"post_tag","embeddable":true,"href":"https:\/\/www.jeunessesmusicales.be\/bruxelles\/wp-json\/wp\/v2\/tags?post=7159"}],"curies":[{"name":"wp","href":"https:\/\/api.w.org\/{rel}","templated":true}]}}