{"id":9779,"date":"2024-03-16T14:30:09","date_gmt":"2024-03-16T13:30:09","guid":{"rendered":"https:\/\/www.jeunessesmusicales.be\/bruxelles\/eveil-musical-enfant-3-5-ans-10h30-la-villa-ganshoren-copy\/"},"modified":"2024-02-12T11:02:41","modified_gmt":"2024-02-12T10:02:41","slug":"ateliers-parents-bebe-eveil-musical-lezards-615","status":"publish","type":"post","link":"https:\/\/www.jeunessesmusicales.be\/bruxelles\/ateliers-parents-bebe-eveil-musical-lezards-615\/","title":{"rendered":"COMPLET &#8211; Kidzik\/Jeunesses Musicales &#8211; Ateliers parents-b\u00e9b\u00e9 \u00ab Eveil musical \u00bb @L\u00e9zards 615"},"content":{"rendered":"<p style=\"text-align: justify;\"><span style=\"font-weight: 400;\">Les Jeunesses Musicales de Bruxelles vous proposent un moment musical \u00e0 partager avec votre enfant, une respiration, ainsi qu\u2019une occasion pr\u00e9coce de socialisation pour les tout-petits.<\/span><\/p>\n<p style=\"text-align: justify;\"><span style=\"font-weight: 400;\">Musicien intervenant dans le domaine de la Petite Enfance depuis des ann\u00e9es, <span style=\"color: #ef3740;\">Thierry\u00a0 Decours<\/span> partage avec plaisir, les petits tr\u00e9sors de la musique glan\u00e9s tout au long de son chemin. Il m\u00eale humour et bienveillance au service de la curiosit\u00e9 insatiable des petits et de leur cr\u00e9ativit\u00e9.<\/span><\/p>\n<p style=\"text-align: justify;\"><span style=\"font-weight: 400;\">Par impr\u00e9gnation, avec douceur, humour et constance, \u00e0 nous de satisfaire la curiosit\u00e9, l\u2019envie de conna\u00eetre et d\u2019exp\u00e9rimenter qui habitent les enfants d\u00e8s leurs premiers jours.<\/span><span style=\"font-weight: 400;\"><br \/>\n<\/span><span style=\"font-weight: 400;\">Les moyens p\u00e9dagogiques \u00e0 notre disposition ne sont limit\u00e9s que par notre cr\u00e9ativit\u00e9.<\/span><span style=\"font-weight: 400;\"><br \/>\n<\/span><span style=\"font-weight: 400;\">Thierry, tour \u00e0 tour, joueur d\u2019instruments, chanteur, marionnettiste vous invite \u00e0 planter une petite graine de musique dans vos oreilles.<\/span><\/p>\n<p style=\"text-align: justify;\"><span style=\"font-weight: 400;\">Nous n\u2019utilisons aucun intrant, ni chimiques ni \u00e9lectriques, ni m\u00eame num\u00e9riques. Nous sommes tous experts en permaculture musicale.<\/span><\/p>\n<p>&nbsp;<\/p>\n<p style=\"text-align: right;\">En partenariat avec :<\/p>\n<p style=\"text-align: right;\"><img loading=\"lazy\" decoding=\"async\" class=\"wp-image-10701 alignnone\" src=\"https:\/\/www.jeunessesmusicales.be\/bruxelles\/wp-content\/uploads\/sites\/7\/2023\/11\/kidzikA_noir-300x300.png\" alt=\"\" width=\"117\" height=\"117\" srcset=\"https:\/\/www.jeunessesmusicales.be\/bruxelles\/wp-content\/uploads\/sites\/7\/2023\/11\/kidzikA_noir-300x300.png 300w, https:\/\/www.jeunessesmusicales.be\/bruxelles\/wp-content\/uploads\/sites\/7\/2023\/11\/kidzikA_noir-1024x1024.png 1024w, https:\/\/www.jeunessesmusicales.be\/bruxelles\/wp-content\/uploads\/sites\/7\/2023\/11\/kidzikA_noir-150x150.png 150w, https:\/\/www.jeunessesmusicales.be\/bruxelles\/wp-content\/uploads\/sites\/7\/2023\/11\/kidzikA_noir-768x768.png 768w, https:\/\/www.jeunessesmusicales.be\/bruxelles\/wp-content\/uploads\/sites\/7\/2023\/11\/kidzikA_noir-105x105.png 105w, https:\/\/www.jeunessesmusicales.be\/bruxelles\/wp-content\/uploads\/sites\/7\/2023\/11\/kidzikA_noir-200x200.png 200w, https:\/\/www.jeunessesmusicales.be\/bruxelles\/wp-content\/uploads\/sites\/7\/2023\/11\/kidzikA_noir.png 1135w\" sizes=\"auto, (max-width: 117px) 100vw, 117px\" \/><\/p>\n","protected":false},"excerpt":{"rendered":"<p>Les Jeunesses Musicales de Bruxelles vous proposent un moment musical \u00e0 partager avec votre enfant, une respiration, ainsi qu\u2019une occasion &hellip; <a href=\"https:\/\/www.jeunessesmusicales.be\/bruxelles\/ateliers-parents-bebe-eveil-musical-lezards-615\/\" class=\"more-link\">Continue reading <span class=\"screen-reader-text\">COMPLET &#8211; Kidzik\/Jeunesses Musicales &#8211; Ateliers parents-b\u00e9b\u00e9 \u00ab Eveil musical \u00bb @L\u00e9zards 615<\/span><\/a><\/p>\n","protected":false},"author":38,"featured_media":10685,"comment_status":"closed","ping_status":"closed","sticky":true,"template":"","format":"standard","meta":{"_acf_changed":false,"footnotes":""},"categories":[29],"tags":[],"class_list":["post-9779","post","type-post","status-publish","format-standard","has-post-thumbnail","hentry","category-ateliers-en-famille"],"acf":[],"aioseo_notices":[],"_links":{"self":[{"href":"https:\/\/www.jeunessesmusicales.be\/bruxelles\/wp-json\/wp\/v2\/posts\/9779","targetHints":{"allow":["GET"]}}],"collection":[{"href":"https:\/\/www.jeunessesmusicales.be\/bruxelles\/wp-json\/wp\/v2\/posts"}],"about":[{"href":"https:\/\/www.jeunessesmusicales.be\/bruxelles\/wp-json\/wp\/v2\/types\/post"}],"author":[{"embeddable":true,"href":"https:\/\/www.jeunessesmusicales.be\/bruxelles\/wp-json\/wp\/v2\/users\/38"}],"replies":[{"embeddable":true,"href":"https:\/\/www.jeunessesmusicales.be\/bruxelles\/wp-json\/wp\/v2\/comments?post=9779"}],"version-history":[{"count":15,"href":"https:\/\/www.jeunessesmusicales.be\/bruxelles\/wp-json\/wp\/v2\/posts\/9779\/revisions"}],"predecessor-version":[{"id":10794,"href":"https:\/\/www.jeunessesmusicales.be\/bruxelles\/wp-json\/wp\/v2\/posts\/9779\/revisions\/10794"}],"wp:featuredmedia":[{"embeddable":true,"href":"https:\/\/www.jeunessesmusicales.be\/bruxelles\/wp-json\/wp\/v2\/media\/10685"}],"wp:attachment":[{"href":"https:\/\/www.jeunessesmusicales.be\/bruxelles\/wp-json\/wp\/v2\/media?parent=9779"}],"wp:term":[{"taxonomy":"category","embeddable":true,"href":"https:\/\/www.jeunessesmusicales.be\/bruxelles\/wp-json\/wp\/v2\/categories?post=9779"},{"taxonomy":"post_tag","embeddable":true,"href":"https:\/\/www.jeunessesmusicales.be\/bruxelles\/wp-json\/wp\/v2\/tags?post=9779"}],"curies":[{"name":"wp","href":"https:\/\/api.w.org\/{rel}","templated":true}]}}