{"id":2602,"date":"2020-02-14T21:00:26","date_gmt":"2020-02-14T20:00:26","guid":{"rendered":"https:\/\/www.jeunessesmusicales.be\/liege\/?p=2602"},"modified":"2020-02-11T16:57:42","modified_gmt":"2020-02-11T15:57:42","slug":"auli-letonie","status":"publish","type":"post","link":"https:\/\/www.jeunessesmusicales.be\/liege\/auli-letonie\/","title":{"rendered":"AULI (Lettonie)"},"content":{"rendered":"\n<p>Fond\u00e9 \u00e0 Riga (Lettonie) en 2003, Auli s\u2019inspire de la nature, du folklore musical letton et des mythes nordiques, et nous offre une musique enivrante, \u00e9pique. Qualifiant volontiers leur style de \u00ab transe ethnique \u00bb, les musiciens (sur cornemuses, fl\u00fbtes, percussions et guimbarde) rev\u00eatent pour leurs concerts des costumes \u00e9voquant aussi bien le Moyen \u00c2ge que le folk metal\u2026 Autant dire qu\u2019ils naviguent sans cesse entre traditions (locales) et modernit\u00e9 (globale), pour un r\u00e9sultat qui s\u2019av\u00e8re d\u00e9tonant !<\/p>\n<p>Le groupe accumule les r\u00e9compenses folk et trad, et son morceau \u00ab Sen Dzirdeju \u00bb s\u2019av\u00e8re m\u00eame l\u2019un des airs les plus jou\u00e9s en Lettonie. Apr\u00e8s avoir collabor\u00e9 sur leur album \u00ab Etnotranss \u00bb avec l\u2019\u00e9crivaine \u00e0 succ\u00e8s Laima Muktupavela, Auli continue son bout de chemin de traverse. Retenez votre souffle : ces Lettons-l\u00e0 en ont sous le capot !<\/p>\n<p>Un concert en co-production avec les Grignoux<\/p>\n","protected":false},"excerpt":{"rendered":"<p>Fond\u00e9 \u00e0 Riga (Lettonie) en 2003, Auli s\u2019inspire de la nature, du folklore musical letton et des mythes nordiques, et &hellip; <a href=\"https:\/\/www.jeunessesmusicales.be\/liege\/auli-letonie\/\" class=\"more-link\">Continue reading <span class=\"screen-reader-text\">AULI (Lettonie)<\/span><\/a><\/p>\n","protected":false},"author":13,"featured_media":2603,"comment_status":"closed","ping_status":"closed","sticky":true,"template":"","format":"standard","meta":{"_acf_changed":false,"footnotes":""},"categories":[5,3],"tags":[],"class_list":["post-2602","post","type-post","status-publish","format-standard","has-post-thumbnail","hentry","category-concerts","category-type-devenement"],"acf":[],"_links":{"self":[{"href":"https:\/\/www.jeunessesmusicales.be\/liege\/wp-json\/wp\/v2\/posts\/2602","targetHints":{"allow":["GET"]}}],"collection":[{"href":"https:\/\/www.jeunessesmusicales.be\/liege\/wp-json\/wp\/v2\/posts"}],"about":[{"href":"https:\/\/www.jeunessesmusicales.be\/liege\/wp-json\/wp\/v2\/types\/post"}],"author":[{"embeddable":true,"href":"https:\/\/www.jeunessesmusicales.be\/liege\/wp-json\/wp\/v2\/users\/13"}],"replies":[{"embeddable":true,"href":"https:\/\/www.jeunessesmusicales.be\/liege\/wp-json\/wp\/v2\/comments?post=2602"}],"version-history":[{"count":5,"href":"https:\/\/www.jeunessesmusicales.be\/liege\/wp-json\/wp\/v2\/posts\/2602\/revisions"}],"predecessor-version":[{"id":2718,"href":"https:\/\/www.jeunessesmusicales.be\/liege\/wp-json\/wp\/v2\/posts\/2602\/revisions\/2718"}],"wp:featuredmedia":[{"embeddable":true,"href":"https:\/\/www.jeunessesmusicales.be\/liege\/wp-json\/wp\/v2\/media\/2603"}],"wp:attachment":[{"href":"https:\/\/www.jeunessesmusicales.be\/liege\/wp-json\/wp\/v2\/media?parent=2602"}],"wp:term":[{"taxonomy":"category","embeddable":true,"href":"https:\/\/www.jeunessesmusicales.be\/liege\/wp-json\/wp\/v2\/categories?post=2602"},{"taxonomy":"post_tag","embeddable":true,"href":"https:\/\/www.jeunessesmusicales.be\/liege\/wp-json\/wp\/v2\/tags?post=2602"}],"curies":[{"name":"wp","href":"https:\/\/api.w.org\/{rel}","templated":true}]}}