{"id":4618,"date":"2024-08-25T10:30:48","date_gmt":"2024-08-25T08:30:48","guid":{"rendered":"https:\/\/www.jeunessesmusicales.be\/liege\/?p=4618"},"modified":"2024-07-01T15:46:33","modified_gmt":"2024-07-01T13:46:33","slug":"rallye-jazz04-au-fil-de-leau-2","status":"publish","type":"post","link":"https:\/\/www.jeunessesmusicales.be\/liege\/rallye-jazz04-au-fil-de-leau-2\/","title":{"rendered":"Rallye Jazz04 au fil de l\u2019eau"},"content":{"rendered":"<p><strong>Pour la 15e ann\u00e9e cons\u00e9cutive, le rallye Jazz04 au fil de l\u2019eau aura lieu \u00e0 Li\u00e8ge, le dimanche 25 ao\u00fbt<\/strong><br \/>\n<strong>2024 !<\/strong><\/p>\n<p>Au programme, un parcours de 8 concerts, dans 8 lieux diff\u00e9rents :<\/p>\n<p>\u2212 10h30 \u2014 Griboujazz 2 (jeune public, d\u00e8s 3 ans) au Centre culturel de Li\u00e8ge Les Chiroux<br \/>\n\u2212 12h00 \u2014 Anne Niepold Trio \u00e0 L\u2019Aquilone<br \/>\n\u2212 14h00 \u2014 Filippo Bianchini et Nicola Andrioli Duo \u00e0 la Boverie (salle de l\u2019auditorium)<br \/>\n\u2212 16h00 \u2014 Gaspard Sicx Trio \u00e0 L\u2019An Vert<br \/>\n\u2212 17h30 \u2014 Phil Abraham et Jacques Pirotton au B3<br \/>\n\u2212 19h00 \u2014 Sakina Abdou \u2018Goodbye ground\u2019 Solo &amp; Brandon Lagaert \u00e0 la p\u00e9niche L\u2019Armande<br \/>\n\u2212 19h00 \u2014 S\u00e9bastien Hogge Solo \u00e0 la Brasserie Sauveni\u00e8re<br \/>\n\u2212 21h00 \u2014 Charneux\/Leleux\/Puma Trio au Jacques Pelzer Jazz Club<\/p>\n<p>Une organisation du Collectif Jazz04, avec le soutien de la F\u00e9d\u00e9ration Wallonie-Bruxelles, la Province<br \/>\nde Li\u00e8ge, la Ville de Li\u00e8ge, la CCR\/Li\u00e8ge, la Premi\u00e8re et Musiq3.<\/p>\n<p>&nbsp;<\/p>\n","protected":false},"excerpt":{"rendered":"<p>Pour la 15e ann\u00e9e cons\u00e9cutive, le rallye Jazz04 au fil de l\u2019eau aura lieu \u00e0 Li\u00e8ge, le dimanche 25 ao\u00fbt &hellip; <a href=\"https:\/\/www.jeunessesmusicales.be\/liege\/rallye-jazz04-au-fil-de-leau-2\/\" class=\"more-link\">Continue reading <span class=\"screen-reader-text\">Rallye Jazz04 au fil de l\u2019eau<\/span><\/a><\/p>\n","protected":false},"author":13,"featured_media":4619,"comment_status":"closed","ping_status":"closed","sticky":true,"template":"","format":"standard","meta":{"_acf_changed":false,"footnotes":""},"categories":[5,3],"tags":[],"class_list":["post-4618","post","type-post","status-publish","format-standard","has-post-thumbnail","hentry","category-concerts","category-type-devenement"],"acf":[],"_links":{"self":[{"href":"https:\/\/www.jeunessesmusicales.be\/liege\/wp-json\/wp\/v2\/posts\/4618","targetHints":{"allow":["GET"]}}],"collection":[{"href":"https:\/\/www.jeunessesmusicales.be\/liege\/wp-json\/wp\/v2\/posts"}],"about":[{"href":"https:\/\/www.jeunessesmusicales.be\/liege\/wp-json\/wp\/v2\/types\/post"}],"author":[{"embeddable":true,"href":"https:\/\/www.jeunessesmusicales.be\/liege\/wp-json\/wp\/v2\/users\/13"}],"replies":[{"embeddable":true,"href":"https:\/\/www.jeunessesmusicales.be\/liege\/wp-json\/wp\/v2\/comments?post=4618"}],"version-history":[{"count":2,"href":"https:\/\/www.jeunessesmusicales.be\/liege\/wp-json\/wp\/v2\/posts\/4618\/revisions"}],"predecessor-version":[{"id":4665,"href":"https:\/\/www.jeunessesmusicales.be\/liege\/wp-json\/wp\/v2\/posts\/4618\/revisions\/4665"}],"wp:featuredmedia":[{"embeddable":true,"href":"https:\/\/www.jeunessesmusicales.be\/liege\/wp-json\/wp\/v2\/media\/4619"}],"wp:attachment":[{"href":"https:\/\/www.jeunessesmusicales.be\/liege\/wp-json\/wp\/v2\/media?parent=4618"}],"wp:term":[{"taxonomy":"category","embeddable":true,"href":"https:\/\/www.jeunessesmusicales.be\/liege\/wp-json\/wp\/v2\/categories?post=4618"},{"taxonomy":"post_tag","embeddable":true,"href":"https:\/\/www.jeunessesmusicales.be\/liege\/wp-json\/wp\/v2\/tags?post=4618"}],"curies":[{"name":"wp","href":"https:\/\/api.w.org\/{rel}","templated":true}]}}