{"id":4631,"date":"2024-07-11T20:00:52","date_gmt":"2024-07-11T18:00:52","guid":{"rendered":"https:\/\/www.jeunessesmusicales.be\/liege\/?p=4631"},"modified":"2024-06-17T12:20:43","modified_gmt":"2024-06-17T10:20:43","slug":"lylac-100-voltas-lete-au-b3","status":"publish","type":"post","link":"https:\/\/www.jeunessesmusicales.be\/liege\/lylac-100-voltas-lete-au-b3\/","title":{"rendered":"LYLAC &#038; 100 Voltas &#8211; L&rsquo;\u00e9t\u00e9 au B3"},"content":{"rendered":"<p><strong>Lylac<\/strong><\/p>\n<p>Nomm\u00e9 aux D6bels Music Awards, aux Octaves de la musique et encens\u00e9 par la presse belge et internationale, LYLAC nous revient avec un 4\u00e8me album, I\u2019m the Stranger, projet aux sonorit\u00e9s americana-folk. Son irr\u00e9sistible appel des grandes plaines devient p\u00e9riple po\u00e9tique au cours duquel il se fait le t\u00e9moin d\u2019un monde en mutation o\u00f9 les d\u00e9fis humains et \u00e9cologiques sont au centre d\u2019enjeux. L\u2019\u00e2me d\u2019un voyageur, la voix d\u2019un conteur, Amaury poursuit inlassablement sa qu\u00eate et irrigue de sa pop-folk existentielle et bienveillante l\u2019aridit\u00e9 ambiante.<\/p>\n<p><strong>100 Voltas<\/strong><\/p>\n<p>100 VOLTAS s\u2019impr\u00e8gne des traditions de Galice, une r\u00e9gion d\u2019Espagne situ\u00e9e \u00e0 la fronti\u00e8re du Portugal.<br \/>\nVer\u00f3nica Codesal, dont la famille a fui le franquisme pour la Belgique, est retourn\u00e9e dans sa r\u00e9gion d\u2019origine et a parcouru les villages pour recueillir les chants aupr\u00e8s des anciens. Ce patrimoine a souffert jusque dans les ann\u00e9es 80 de d\u00e9cennies d\u2019interdiction du galicien, depuis revaloris\u00e9 comme l\u2019une des quatre langues officielles d\u2019Espagne.<br \/>\n<strong><br \/>\nVer\u00f3nica Codesal\u00a0<\/strong>Chant, percussions &#8211; <strong>Didier Laloy <\/strong>Accord\u00e9on diatonique, stompbox &#8211;\u00a0<strong>Damien Chierici <\/strong>Violon, \u00e9lectro<\/p>\n","protected":false},"excerpt":{"rendered":"<p>Lylac Nomm\u00e9 aux D6bels Music Awards, aux Octaves de la musique et encens\u00e9 par la presse belge et internationale, LYLAC &hellip; <a href=\"https:\/\/www.jeunessesmusicales.be\/liege\/lylac-100-voltas-lete-au-b3\/\" class=\"more-link\">Continue reading <span class=\"screen-reader-text\">LYLAC &#038; 100 Voltas &#8211; L&rsquo;\u00e9t\u00e9 au B3<\/span><\/a><\/p>\n","protected":false},"author":13,"featured_media":4632,"comment_status":"closed","ping_status":"closed","sticky":true,"template":"","format":"standard","meta":{"_acf_changed":false,"footnotes":""},"categories":[5,3],"tags":[],"class_list":["post-4631","post","type-post","status-publish","format-standard","has-post-thumbnail","hentry","category-concerts","category-type-devenement"],"acf":[],"_links":{"self":[{"href":"https:\/\/www.jeunessesmusicales.be\/liege\/wp-json\/wp\/v2\/posts\/4631","targetHints":{"allow":["GET"]}}],"collection":[{"href":"https:\/\/www.jeunessesmusicales.be\/liege\/wp-json\/wp\/v2\/posts"}],"about":[{"href":"https:\/\/www.jeunessesmusicales.be\/liege\/wp-json\/wp\/v2\/types\/post"}],"author":[{"embeddable":true,"href":"https:\/\/www.jeunessesmusicales.be\/liege\/wp-json\/wp\/v2\/users\/13"}],"replies":[{"embeddable":true,"href":"https:\/\/www.jeunessesmusicales.be\/liege\/wp-json\/wp\/v2\/comments?post=4631"}],"version-history":[{"count":1,"href":"https:\/\/www.jeunessesmusicales.be\/liege\/wp-json\/wp\/v2\/posts\/4631\/revisions"}],"predecessor-version":[{"id":4633,"href":"https:\/\/www.jeunessesmusicales.be\/liege\/wp-json\/wp\/v2\/posts\/4631\/revisions\/4633"}],"wp:featuredmedia":[{"embeddable":true,"href":"https:\/\/www.jeunessesmusicales.be\/liege\/wp-json\/wp\/v2\/media\/4632"}],"wp:attachment":[{"href":"https:\/\/www.jeunessesmusicales.be\/liege\/wp-json\/wp\/v2\/media?parent=4631"}],"wp:term":[{"taxonomy":"category","embeddable":true,"href":"https:\/\/www.jeunessesmusicales.be\/liege\/wp-json\/wp\/v2\/categories?post=4631"},{"taxonomy":"post_tag","embeddable":true,"href":"https:\/\/www.jeunessesmusicales.be\/liege\/wp-json\/wp\/v2\/tags?post=4631"}],"curies":[{"name":"wp","href":"https:\/\/api.w.org\/{rel}","templated":true}]}}