{"id":5166,"date":"2025-12-29T09:00:49","date_gmt":"2025-12-29T08:00:49","guid":{"rendered":"https:\/\/www.jeunessesmusicales.be\/liege\/?p=5166"},"modified":"2025-12-19T11:06:39","modified_gmt":"2025-12-19T10:06:39","slug":"mini-artistes-en-fete-un-stage-qui-a-du-rythme-et-du-gout","status":"publish","type":"post","link":"https:\/\/www.jeunessesmusicales.be\/liege\/mini-artistes-en-fete-un-stage-qui-a-du-rythme-et-du-gout\/","title":{"rendered":"\u00ab\u00a0Mini Artistes en F\u00eate !\u00a0\u00bb &#8230; Un stage qui a du rythme et du go\u00fbt !!"},"content":{"rendered":"<p dir=\"ltr\">Viens t\u2019\u00e9clater pendant les vacances d&rsquo;hiver avec un stage 100% fun !<br \/>\nAu programme : musique, danse et cuisine pour bouger, cr\u00e9er et se r\u00e9galer\u2026 tout \u00e7a dans la bonne humeur !<\/p>\n<p dir=\"ltr\">Deux animatrices pleines d\u2019id\u00e9es et d\u2019\u00e9nergie t\u2019attendent pour finir l\u2019ann\u00e9e 2025 en beaut\u00e9 et commencer 2026 du bon pied !<\/p>\n<p>Ambiance garantie !<\/p>\n<p dir=\"ltr\">Intervenantes musicales : Alice Parizel et C\u00e9line Goblet<\/p>\n<p dir=\"ltr\"><em><strong>Pr\u00e9cisions :<\/strong><\/em><br \/>\nNous acceptons les enfants propres uniquement.<br \/>\nNotez \u00e9galement qu&rsquo;il n&rsquo;y aura pas de sieste organis\u00e9e durant la journ\u00e9e.<br \/>\nMerci pour votre compr\u00e9hension.<\/p>\n","protected":false},"excerpt":{"rendered":"<p>Viens t\u2019\u00e9clater pendant les vacances d&rsquo;hiver avec un stage 100% fun ! Au programme : musique, danse et cuisine pour &hellip; <a href=\"https:\/\/www.jeunessesmusicales.be\/liege\/mini-artistes-en-fete-un-stage-qui-a-du-rythme-et-du-gout\/\" class=\"more-link\">Continue reading <span class=\"screen-reader-text\">\u00ab\u00a0Mini Artistes en F\u00eate !\u00a0\u00bb &#8230; Un stage qui a du rythme et du go\u00fbt !!<\/span><\/a><\/p>\n","protected":false},"author":13,"featured_media":5167,"comment_status":"closed","ping_status":"closed","sticky":false,"template":"","format":"standard","meta":{"_acf_changed":false,"footnotes":""},"categories":[6,3],"tags":[],"class_list":["post-5166","post","type-post","status-publish","format-standard","has-post-thumbnail","hentry","category-stages","category-type-devenement"],"acf":[],"_links":{"self":[{"href":"https:\/\/www.jeunessesmusicales.be\/liege\/wp-json\/wp\/v2\/posts\/5166","targetHints":{"allow":["GET"]}}],"collection":[{"href":"https:\/\/www.jeunessesmusicales.be\/liege\/wp-json\/wp\/v2\/posts"}],"about":[{"href":"https:\/\/www.jeunessesmusicales.be\/liege\/wp-json\/wp\/v2\/types\/post"}],"author":[{"embeddable":true,"href":"https:\/\/www.jeunessesmusicales.be\/liege\/wp-json\/wp\/v2\/users\/13"}],"replies":[{"embeddable":true,"href":"https:\/\/www.jeunessesmusicales.be\/liege\/wp-json\/wp\/v2\/comments?post=5166"}],"version-history":[{"count":4,"href":"https:\/\/www.jeunessesmusicales.be\/liege\/wp-json\/wp\/v2\/posts\/5166\/revisions"}],"predecessor-version":[{"id":5227,"href":"https:\/\/www.jeunessesmusicales.be\/liege\/wp-json\/wp\/v2\/posts\/5166\/revisions\/5227"}],"wp:featuredmedia":[{"embeddable":true,"href":"https:\/\/www.jeunessesmusicales.be\/liege\/wp-json\/wp\/v2\/media\/5167"}],"wp:attachment":[{"href":"https:\/\/www.jeunessesmusicales.be\/liege\/wp-json\/wp\/v2\/media?parent=5166"}],"wp:term":[{"taxonomy":"category","embeddable":true,"href":"https:\/\/www.jeunessesmusicales.be\/liege\/wp-json\/wp\/v2\/categories?post=5166"},{"taxonomy":"post_tag","embeddable":true,"href":"https:\/\/www.jeunessesmusicales.be\/liege\/wp-json\/wp\/v2\/tags?post=5166"}],"curies":[{"name":"wp","href":"https:\/\/api.w.org\/{rel}","templated":true}]}}