{"id":5169,"date":"2025-12-29T09:01:32","date_gmt":"2025-12-29T08:01:32","guid":{"rendered":"https:\/\/www.jeunessesmusicales.be\/liege\/?p=5169"},"modified":"2025-12-19T11:07:03","modified_gmt":"2025-12-19T10:07:03","slug":"sous-le-sapin-des-musiciens","status":"publish","type":"post","link":"https:\/\/www.jeunessesmusicales.be\/liege\/sous-le-sapin-des-musiciens\/","title":{"rendered":"Sous le sapin des musiciens"},"content":{"rendered":"<p dir=\"ltr\">Quand les journ\u00e9es d\u2019hiver s\u2019illuminent, la musique devient un jeu, une aventure \u00e0 partager.<br \/>\nEnfant \u00e0 l\u2019ombre des guirlandes et des lumi\u00e8res de No\u00ebl, viens explorer mille et une mani\u00e8res de faire r\u00e9sonner ta cr\u00e9ativit\u00e9 :<\/p>\n<p dir=\"ltr\"><img decoding=\"async\" class=\"an1\" draggable=\"false\" src=\"https:\/\/fonts.gstatic.com\/s\/e\/notoemoji\/16.0\/2728\/32.png\" alt=\"\u2728\" data-emoji=\"\u2728\" aria-label=\"\u2728\" \/> ton corps qui devient tambour,<br \/>\n<img decoding=\"async\" class=\"an1\" draggable=\"false\" src=\"https:\/\/fonts.gstatic.com\/s\/e\/notoemoji\/16.0\/2728\/32.png\" alt=\"\u2728\" data-emoji=\"\u2728\" aria-label=\"\u2728\" \/>\u00a0tes pas qui se transforment en danse,<br \/>\n<img decoding=\"async\" class=\"an1\" draggable=\"false\" src=\"https:\/\/fonts.gstatic.com\/s\/e\/notoemoji\/16.0\/2728\/32.png\" alt=\"\u2728\" data-emoji=\"\u2728\" aria-label=\"\u2728\" \/> ta voix qui s&rsquo;unit \u00e0 celle des autres au milieu d\u2019une for\u00eat d\u2019instruments \u00e0 d\u00e9couvrir pour inventer les plus belles harmonies.<\/p>\n<p dir=\"ltr\">Un voyage musical joyeux et sensible, ouvert \u00e0 tous les enfants de 7 \u00e0 11 ans, pour s\u2019\u00e9merveiller, \u00e9couter, inventer, et surtout\u2026 se faire des cadeaux \u00e0 partager.<\/p>\n<p dir=\"ltr\">Intervenante musicale : Marie Mairy<\/p>\n","protected":false},"excerpt":{"rendered":"<p>Quand les journ\u00e9es d\u2019hiver s\u2019illuminent, la musique devient un jeu, une aventure \u00e0 partager. Enfant \u00e0 l\u2019ombre des guirlandes et &hellip; <a href=\"https:\/\/www.jeunessesmusicales.be\/liege\/sous-le-sapin-des-musiciens\/\" class=\"more-link\">Continue reading <span class=\"screen-reader-text\">Sous le sapin des musiciens<\/span><\/a><\/p>\n","protected":false},"author":13,"featured_media":5170,"comment_status":"closed","ping_status":"closed","sticky":false,"template":"","format":"standard","meta":{"_acf_changed":false,"footnotes":""},"categories":[6,3],"tags":[],"class_list":["post-5169","post","type-post","status-publish","format-standard","has-post-thumbnail","hentry","category-stages","category-type-devenement"],"acf":[],"_links":{"self":[{"href":"https:\/\/www.jeunessesmusicales.be\/liege\/wp-json\/wp\/v2\/posts\/5169","targetHints":{"allow":["GET"]}}],"collection":[{"href":"https:\/\/www.jeunessesmusicales.be\/liege\/wp-json\/wp\/v2\/posts"}],"about":[{"href":"https:\/\/www.jeunessesmusicales.be\/liege\/wp-json\/wp\/v2\/types\/post"}],"author":[{"embeddable":true,"href":"https:\/\/www.jeunessesmusicales.be\/liege\/wp-json\/wp\/v2\/users\/13"}],"replies":[{"embeddable":true,"href":"https:\/\/www.jeunessesmusicales.be\/liege\/wp-json\/wp\/v2\/comments?post=5169"}],"version-history":[{"count":4,"href":"https:\/\/www.jeunessesmusicales.be\/liege\/wp-json\/wp\/v2\/posts\/5169\/revisions"}],"predecessor-version":[{"id":5228,"href":"https:\/\/www.jeunessesmusicales.be\/liege\/wp-json\/wp\/v2\/posts\/5169\/revisions\/5228"}],"wp:featuredmedia":[{"embeddable":true,"href":"https:\/\/www.jeunessesmusicales.be\/liege\/wp-json\/wp\/v2\/media\/5170"}],"wp:attachment":[{"href":"https:\/\/www.jeunessesmusicales.be\/liege\/wp-json\/wp\/v2\/media?parent=5169"}],"wp:term":[{"taxonomy":"category","embeddable":true,"href":"https:\/\/www.jeunessesmusicales.be\/liege\/wp-json\/wp\/v2\/categories?post=5169"},{"taxonomy":"post_tag","embeddable":true,"href":"https:\/\/www.jeunessesmusicales.be\/liege\/wp-json\/wp\/v2\/tags?post=5169"}],"curies":[{"name":"wp","href":"https:\/\/api.w.org\/{rel}","templated":true}]}}