{"id":5184,"date":"2025-11-14T20:15:36","date_gmt":"2025-11-14T19:15:36","guid":{"rendered":"https:\/\/www.jeunessesmusicales.be\/liege\/?p=5184"},"modified":"2025-10-13T11:58:04","modified_gmt":"2025-10-13T09:58:04","slug":"munsch-electro-jazz","status":"publish","type":"post","link":"https:\/\/www.jeunessesmusicales.be\/liege\/munsch-electro-jazz\/","title":{"rendered":"Munsch (Electro &#8211; Jazz)"},"content":{"rendered":"<p>Munsch cr\u00e9e un paysage sonore o\u00f9 l\u2019\u00e9nergie brute rencontre la d\u00e9licatesse, m\u00ealant m\u00e9lodies puissantes et exploration sans rel\u00e2che de l\u2019espace et de la texture.<\/p>\n<p>N\u00e9 de l\u2019envie d\u2019explorer le cri inexprim\u00e9, Munsch donne voix \u00e0 ces appels silencieux, ceux que l\u2019on tait, emp\u00each\u00e9s par la soci\u00e9t\u00e9, la sant\u00e9, le travail, la pudeur ou l\u2019\u00e9ducation. Par une virtuosit\u00e9 saisissante et des effets \u00e9lectroniques audacieux, ce trio belgo-br\u00e9silien repousse les limites de ses instruments pour faire r\u00e9sonner ces \u00e9motions enfouies. Leur musique est visc\u00e9rale et immersive : un son qui ouvre les c\u0153urs, prend aux tripes et transporte dans des paysages sonores intimes o\u00f9 l\u2019\u00e9lectronique d\u00e9fie l\u2019onirisme.<\/p>\n<p>Leur premier album, Entropia, est sorti fin 2023 sur le prestigieux label de jazz IGLOO RECORDS, fruit de cette recherche artistique. Munsch poursuit aujourd\u2019hui son exploration sonore avec un nouvel EP en pr\u00e9paration.<\/p>\n<p><strong>Adrien Lambinet<\/strong>\u00a0: trombone, composition \u2013\u00a0<strong>Julien de Borman<\/strong>\u00a0: accord\u00e9on \u2013\u00a0<strong>Nyllo Canela<\/strong>\u00a0: batterie, percussions<\/p>\n<p><strong>\u00ab Munsch, c\u2019est une exp\u00e9rience\u2026 Un \u00e9quilibre parfaitement maitris\u00e9 entre l\u2019onirisme d\u2019un ciel bleu scand\u00e9 par quelques nuages et la puissance d\u2019un orage qui gronde \u00e0 coup d\u2019\u00e9clairs\u2026 Une exp\u00e9rience, on vous dit\u2026\u00a0!\u00a0\u00bb<\/strong><\/p>\n","protected":false},"excerpt":{"rendered":"<p>Munsch cr\u00e9e un paysage sonore o\u00f9 l\u2019\u00e9nergie brute rencontre la d\u00e9licatesse, m\u00ealant m\u00e9lodies puissantes et exploration sans rel\u00e2che de l\u2019espace &hellip; <a href=\"https:\/\/www.jeunessesmusicales.be\/liege\/munsch-electro-jazz\/\" class=\"more-link\">Continue reading <span class=\"screen-reader-text\">Munsch (Electro &#8211; Jazz)<\/span><\/a><\/p>\n","protected":false},"author":13,"featured_media":5185,"comment_status":"closed","ping_status":"closed","sticky":true,"template":"","format":"standard","meta":{"_acf_changed":false,"footnotes":""},"categories":[5,3],"tags":[],"class_list":["post-5184","post","type-post","status-publish","format-standard","has-post-thumbnail","hentry","category-concerts","category-type-devenement"],"acf":[],"_links":{"self":[{"href":"https:\/\/www.jeunessesmusicales.be\/liege\/wp-json\/wp\/v2\/posts\/5184","targetHints":{"allow":["GET"]}}],"collection":[{"href":"https:\/\/www.jeunessesmusicales.be\/liege\/wp-json\/wp\/v2\/posts"}],"about":[{"href":"https:\/\/www.jeunessesmusicales.be\/liege\/wp-json\/wp\/v2\/types\/post"}],"author":[{"embeddable":true,"href":"https:\/\/www.jeunessesmusicales.be\/liege\/wp-json\/wp\/v2\/users\/13"}],"replies":[{"embeddable":true,"href":"https:\/\/www.jeunessesmusicales.be\/liege\/wp-json\/wp\/v2\/comments?post=5184"}],"version-history":[{"count":1,"href":"https:\/\/www.jeunessesmusicales.be\/liege\/wp-json\/wp\/v2\/posts\/5184\/revisions"}],"predecessor-version":[{"id":5186,"href":"https:\/\/www.jeunessesmusicales.be\/liege\/wp-json\/wp\/v2\/posts\/5184\/revisions\/5186"}],"wp:featuredmedia":[{"embeddable":true,"href":"https:\/\/www.jeunessesmusicales.be\/liege\/wp-json\/wp\/v2\/media\/5185"}],"wp:attachment":[{"href":"https:\/\/www.jeunessesmusicales.be\/liege\/wp-json\/wp\/v2\/media?parent=5184"}],"wp:term":[{"taxonomy":"category","embeddable":true,"href":"https:\/\/www.jeunessesmusicales.be\/liege\/wp-json\/wp\/v2\/categories?post=5184"},{"taxonomy":"post_tag","embeddable":true,"href":"https:\/\/www.jeunessesmusicales.be\/liege\/wp-json\/wp\/v2\/tags?post=5184"}],"curies":[{"name":"wp","href":"https:\/\/api.w.org\/{rel}","templated":true}]}}