{"id":5188,"date":"2025-12-05T20:15:31","date_gmt":"2025-12-05T19:15:31","guid":{"rendered":"https:\/\/www.jeunessesmusicales.be\/liege\/?p=5188"},"modified":"2025-10-14T12:49:30","modified_gmt":"2025-10-14T10:49:30","slug":"nicolas-michaux","status":"publish","type":"post","link":"https:\/\/www.jeunessesmusicales.be\/liege\/nicolas-michaux\/","title":{"rendered":"Nicolas Michaux"},"content":{"rendered":"<p>Nicolas Michaux, auteur, compositeur et producteur d\u2019une \u00e9l\u00e9gance rare, partage sa vie entre Bruxelles o\u00f9 il est membre du collectif Capitaine Collective et l\u2019\u00eele de Sams\u00f8 au Danemark o\u00f9 il vit avec ses deux filles. Grand voyageur et fin observateur de ses contemporains, Nicolas Michaux peint le monde \u00e0 la mani\u00e8re d\u2019un paysagiste, sa peinture \u00e9tant le \u00ab\u00a0spectre\u00a0\u00bb musical. Apr\u00e8s \u00ab\u202f\u00e0 la Vie \u00e0 La Mort\u202f\u00bb en 2016, \u00ab\u202fAmour Col\u00e8re\u202f\u00bb en 2020, il vient \u00e0 Sprimont d\u00e9fendre son dernier opus\u00a0: \u00ab\u202fVitalisme\u202f\u00bb.<\/p>\n<p><strong>Nicolas Michaux<\/strong>\u00a0: chant, guitare, voix, claviers \u2013\u00a0<strong>Ted Clark<\/strong>\u00a0: basse \u2013\u00a0<strong>Antoine Bonan<\/strong>\u00a0: batterie \u2013 Cl\u00e9ment Nourry\u00a0: guitare, claviers \u2013\u00a0<strong>L\u00e9o L\u00e9onard<\/strong>\u00a0: clavier<\/p>\n<p><strong>\u00ab\u00a0Nicolas Michaux, c\u2019est l\u2019\u00e9l\u00e9gance, la subtilit\u00e9 \u00e0 travers une pop raffin\u00e9e, l\u00e9g\u00e8re et vibrante. \u00eates-vous pr\u00eat\u00b7e\u00b7s pour une suspension du temps\u00a0?\u00a0\u00bb<\/strong><\/p>\n<p>En partenariat avec la Commune d&rsquo;Esneux<\/p>\n","protected":false},"excerpt":{"rendered":"<p>Nicolas Michaux, auteur, compositeur et producteur d\u2019une \u00e9l\u00e9gance rare, partage sa vie entre Bruxelles o\u00f9 il est membre du collectif &hellip; <a href=\"https:\/\/www.jeunessesmusicales.be\/liege\/nicolas-michaux\/\" class=\"more-link\">Continue reading <span class=\"screen-reader-text\">Nicolas Michaux<\/span><\/a><\/p>\n","protected":false},"author":13,"featured_media":5189,"comment_status":"closed","ping_status":"closed","sticky":true,"template":"","format":"standard","meta":{"_acf_changed":false,"footnotes":""},"categories":[5],"tags":[],"class_list":["post-5188","post","type-post","status-publish","format-standard","has-post-thumbnail","hentry","category-concerts"],"acf":[],"_links":{"self":[{"href":"https:\/\/www.jeunessesmusicales.be\/liege\/wp-json\/wp\/v2\/posts\/5188","targetHints":{"allow":["GET"]}}],"collection":[{"href":"https:\/\/www.jeunessesmusicales.be\/liege\/wp-json\/wp\/v2\/posts"}],"about":[{"href":"https:\/\/www.jeunessesmusicales.be\/liege\/wp-json\/wp\/v2\/types\/post"}],"author":[{"embeddable":true,"href":"https:\/\/www.jeunessesmusicales.be\/liege\/wp-json\/wp\/v2\/users\/13"}],"replies":[{"embeddable":true,"href":"https:\/\/www.jeunessesmusicales.be\/liege\/wp-json\/wp\/v2\/comments?post=5188"}],"version-history":[{"count":2,"href":"https:\/\/www.jeunessesmusicales.be\/liege\/wp-json\/wp\/v2\/posts\/5188\/revisions"}],"predecessor-version":[{"id":5200,"href":"https:\/\/www.jeunessesmusicales.be\/liege\/wp-json\/wp\/v2\/posts\/5188\/revisions\/5200"}],"wp:featuredmedia":[{"embeddable":true,"href":"https:\/\/www.jeunessesmusicales.be\/liege\/wp-json\/wp\/v2\/media\/5189"}],"wp:attachment":[{"href":"https:\/\/www.jeunessesmusicales.be\/liege\/wp-json\/wp\/v2\/media?parent=5188"}],"wp:term":[{"taxonomy":"category","embeddable":true,"href":"https:\/\/www.jeunessesmusicales.be\/liege\/wp-json\/wp\/v2\/categories?post=5188"},{"taxonomy":"post_tag","embeddable":true,"href":"https:\/\/www.jeunessesmusicales.be\/liege\/wp-json\/wp\/v2\/tags?post=5188"}],"curies":[{"name":"wp","href":"https:\/\/api.w.org\/{rel}","templated":true}]}}