{"id":5211,"date":"2025-12-11T20:00:34","date_gmt":"2025-12-11T19:00:34","guid":{"rendered":"https:\/\/www.jeunessesmusicales.be\/liege\/?p=5211"},"modified":"2025-11-13T14:48:57","modified_gmt":"2025-11-13T13:48:57","slug":"ode-aux-lendemains-85eme-anniversaire-des-jeunesses-musicales","status":"publish","type":"post","link":"https:\/\/www.jeunessesmusicales.be\/liege\/ode-aux-lendemains-85eme-anniversaire-des-jeunesses-musicales\/","title":{"rendered":"\u00ab Ode Aux Lendemains \u00bb &#8211; 85\u00e8me anniversaire des Jeunesses Musicales"},"content":{"rendered":"<p>Port\u00e9 par\u00a0<strong>140\u00a0adolescents\u00a0<\/strong>venus de huit \u00e9coles de Wallonie et de Bruxelles, en collaboration avec\u00a0<strong>l\u2019Orchestre Philharmonique Royal de Li\u00e8ge<\/strong>, ce projet collectif transforme les voix d\u2019une g\u00e9n\u00e9ration qui r\u00eave, s\u2019indigne et esp\u00e8re. La sc\u00e8ne devient\u00a0un espace de partage et d\u2019\u00e9lan\u00a0;\u00a0<strong>entre chants, slams, rap et musique symphonique, entre classique et contemporain<\/strong>, se tisse\u00a0un dialogue entre h\u00e9ritage et invention, entre m\u00e9moire et devenir.<\/p>\n<p><iframe loading=\"lazy\" title=\"TEASER 1 &quot;Ode aux Lendemains&quot;, Coproduction Jeunesses Musicales x OPRL\" width=\"500\" height=\"281\" src=\"https:\/\/www.youtube.com\/embed\/0TDjWUOutj8?feature=oembed&#038;enablejsapi=1&#038;origin=https:\/\/www.jeunessesmusicales.be\" frameborder=\"0\" allow=\"accelerometer; autoplay; clipboard-write; encrypted-media; gyroscope; picture-in-picture; web-share\" referrerpolicy=\"strict-origin-when-cross-origin\" allowfullscreen><\/iframe><\/p>\n<p>\u00ab Ce concert anniversaire est avant tout une rencontre : celle de jeunes issus de diff\u00e9rents horizons, d\u2019un orchestre philharmonique et d\u2019un patrimoine musical qui traverse le temps. \u00bb Fabrice Murgia<\/p>\n<p data-start=\"851\" data-end=\"1037\"><span class=\"TextRun SCXW117372568 BCX0\" lang=\"FR-BE\" xml:lang=\"FR-BE\" data-contrast=\"auto\">N\u00e9es \u00e0 Bruxelles voici 85 ans, \u00e0 l\u2019aube d\u2019un conflit qui allait bouleverser l\u2019humanit\u00e9 tout enti\u00e8re, les Jeunesses Musicales ont essaim\u00e9 \u00e0 travers le monde, et sem\u00e9 une volont\u00e9 universelle : celle de la musique comme r\u00e9sistance \u00e0 l\u2019arbitraire et \u00e0 l\u2019injustice, de la musique comme espace de libert\u00e9<\/span><span class=\"TextRun SCXW117372568 BCX0\" lang=\"FR-BE\" xml:lang=\"FR-BE\" data-contrast=\"auto\">.\u00a0<\/span><span class=\"TextRun SCXW117372568 BCX0\" lang=\"FR-BE\" xml:lang=\"FR-BE\" data-contrast=\"auto\">La preuve par ce\u00a0<strong>projet lumineux\u00a0<\/strong><\/span><span class=\"TextRun SCXW117372568 BCX0\" lang=\"FR-BE\" xml:lang=\"FR-BE\" data-contrast=\"auto\"><strong><span class=\"NormalTextRun SCXW117372568 BCX0\">et porteur de r\u00e9voltes et d\u2019 espoirs.\u00a0<\/span><\/strong><\/span><\/p>\n<p data-start=\"851\" data-end=\"1037\">Autres repr\u00e9sentations :<\/p>\n<ul>\n<li>Vendredi 12 d\u00e9cembre 2025 (18h30) \u2013<a href=\"https:\/\/www.flagey.be\/fr\/activity\/12786-ode-aux-lendemains-oprl-x-85-ans-de-jeunesses-musicales\">\u00a0Flagey<\/a>\u00a0\u2013 Bruxelles \u2013\u00a0<a href=\"https:\/\/www.flagey.be\/fr\/activity\/12786-ode-aux-lendemains-oprl-x-85-ans-de-jeunesses-musicales\"><strong>Infos &amp; r\u00e9servations ici<\/strong>\u00a0<\/a><\/li>\n<li>Samedi 13 d\u00e9cembre 2025 (18h) \u2013\u00a0<a href=\"https:\/\/www.pba.be\/spectacle\/ode-aux-lendemains\/\">Palais des Beaux-Arts<\/a>\u00a0\u2013 Charleroi \u2013\u00a0<a href=\"https:\/\/www.pba.be\/spectacle\/ode-aux-lendemains\/\"><strong>Infos &amp; r\u00e9servations ici<\/strong><\/a><\/li>\n<li>Dimanche 14 d\u00e9cembre 2025 (16h) \u2013\u00a0<a href=\"https:\/\/shop.utick.net\/?module=ACTIVITYSERIEDETAILS&amp;pos=Namur%20Concert%20Hall%2025-26&amp;s=93E2162F-8B7D-F196-209F-3283A388EAF3\">Concert Hall<\/a>\u00a0\u2013 Namur \u2013\u00a0<a href=\"https:\/\/shop.utick.net\/?module=ACTIVITYSERIEDETAILS&amp;pos=Namur%20Concert%20Hall%2025-26&amp;s=93E2162F-8B7D-F196-209F-3283A388EAF3\"><strong>Infos &amp; r\u00e9servations ici<\/strong><\/a><\/li>\n<\/ul>\n","protected":false},"excerpt":{"rendered":"<p>Port\u00e9 par\u00a0140\u00a0adolescents\u00a0venus de huit \u00e9coles de Wallonie et de Bruxelles, en collaboration avec\u00a0l\u2019Orchestre Philharmonique Royal de Li\u00e8ge, ce projet collectif &hellip; <a href=\"https:\/\/www.jeunessesmusicales.be\/liege\/ode-aux-lendemains-85eme-anniversaire-des-jeunesses-musicales\/\" class=\"more-link\">Continue reading <span class=\"screen-reader-text\">\u00ab Ode Aux Lendemains \u00bb &#8211; 85\u00e8me anniversaire des Jeunesses Musicales<\/span><\/a><\/p>\n","protected":false},"author":13,"featured_media":5210,"comment_status":"closed","ping_status":"closed","sticky":true,"template":"","format":"standard","meta":{"_acf_changed":false,"footnotes":""},"categories":[5,3],"tags":[],"class_list":["post-5211","post","type-post","status-publish","format-standard","has-post-thumbnail","hentry","category-concerts","category-type-devenement"],"acf":[],"_links":{"self":[{"href":"https:\/\/www.jeunessesmusicales.be\/liege\/wp-json\/wp\/v2\/posts\/5211","targetHints":{"allow":["GET"]}}],"collection":[{"href":"https:\/\/www.jeunessesmusicales.be\/liege\/wp-json\/wp\/v2\/posts"}],"about":[{"href":"https:\/\/www.jeunessesmusicales.be\/liege\/wp-json\/wp\/v2\/types\/post"}],"author":[{"embeddable":true,"href":"https:\/\/www.jeunessesmusicales.be\/liege\/wp-json\/wp\/v2\/users\/13"}],"replies":[{"embeddable":true,"href":"https:\/\/www.jeunessesmusicales.be\/liege\/wp-json\/wp\/v2\/comments?post=5211"}],"version-history":[{"count":1,"href":"https:\/\/www.jeunessesmusicales.be\/liege\/wp-json\/wp\/v2\/posts\/5211\/revisions"}],"predecessor-version":[{"id":5212,"href":"https:\/\/www.jeunessesmusicales.be\/liege\/wp-json\/wp\/v2\/posts\/5211\/revisions\/5212"}],"wp:featuredmedia":[{"embeddable":true,"href":"https:\/\/www.jeunessesmusicales.be\/liege\/wp-json\/wp\/v2\/media\/5210"}],"wp:attachment":[{"href":"https:\/\/www.jeunessesmusicales.be\/liege\/wp-json\/wp\/v2\/media?parent=5211"}],"wp:term":[{"taxonomy":"category","embeddable":true,"href":"https:\/\/www.jeunessesmusicales.be\/liege\/wp-json\/wp\/v2\/categories?post=5211"},{"taxonomy":"post_tag","embeddable":true,"href":"https:\/\/www.jeunessesmusicales.be\/liege\/wp-json\/wp\/v2\/tags?post=5211"}],"curies":[{"name":"wp","href":"https:\/\/api.w.org\/{rel}","templated":true}]}}