{"id":5246,"date":"2026-02-16T09:00:02","date_gmt":"2026-02-16T08:00:02","guid":{"rendered":"https:\/\/www.jeunessesmusicales.be\/liege\/?p=5246"},"modified":"2026-01-13T11:21:14","modified_gmt":"2026-01-13T10:21:14","slug":"hop-dans-la-valise-un-carnaval-a-inventer","status":"publish","type":"post","link":"https:\/\/www.jeunessesmusicales.be\/liege\/hop-dans-la-valise-un-carnaval-a-inventer\/","title":{"rendered":"Hop dans la valise ! Un Carnaval \u00e0 inventer !"},"content":{"rendered":"<p>J\u2019ai trouv\u00e9 une valise myst\u00e8re ! Elle cliquette, elle scintille et elle fait tra-la-la quand on s\u2019en approche !<br \/>\n\u00c0 qui peut-elle bien appartenir ? \u00c0 un clown farceur ? \u00c0 une danseuse aux mille plumes ? \u00c0 un musicien masqu\u00e9 ?<br \/>\nEt si on l\u2019ouvrait ?<br \/>\nIl en sortira : imagination color\u00e9e, inventions rigolotes, manipulations magiques, m\u00e9lodies festives, mouvements endiabl\u00e9s\u2026<\/p>\n<p>Nous \u00e9veillerons nos oreilles, d\u00e9couvrirons des instruments \u00e9tonnants, inventerons des rythmes, et danserons avec des rubans, des foulards et des accessoires tout droit sortis d\u2019un grand bal masqu\u00e9\u2026 Jusqu\u2019\u00e0 devenir nous aussi des artistes follement cr\u00e9atifs !<\/p>\n<p><strong>Un Carnaval plein de couleurs, de musique et de fantaisie pour c\u00e9l\u00e9brer la joie, la danse et l\u2019imaginaire !<\/strong><\/p>\n<p class=\"p1\"><em>Une collaboration entre le Centre culturel d\u2019Ans et les Jeunesses Musicales de Li\u00e8ge<\/em><\/p>\n","protected":false},"excerpt":{"rendered":"<p>J\u2019ai trouv\u00e9 une valise myst\u00e8re ! Elle cliquette, elle scintille et elle fait tra-la-la quand on s\u2019en approche ! \u00c0 &hellip; <a href=\"https:\/\/www.jeunessesmusicales.be\/liege\/hop-dans-la-valise-un-carnaval-a-inventer\/\" class=\"more-link\">Continue reading <span class=\"screen-reader-text\">Hop dans la valise ! Un Carnaval \u00e0 inventer !<\/span><\/a><\/p>\n","protected":false},"author":13,"featured_media":5247,"comment_status":"closed","ping_status":"closed","sticky":false,"template":"","format":"standard","meta":{"_acf_changed":false,"footnotes":""},"categories":[6,3],"tags":[],"class_list":["post-5246","post","type-post","status-publish","format-standard","has-post-thumbnail","hentry","category-stages","category-type-devenement"],"acf":[],"_links":{"self":[{"href":"https:\/\/www.jeunessesmusicales.be\/liege\/wp-json\/wp\/v2\/posts\/5246","targetHints":{"allow":["GET"]}}],"collection":[{"href":"https:\/\/www.jeunessesmusicales.be\/liege\/wp-json\/wp\/v2\/posts"}],"about":[{"href":"https:\/\/www.jeunessesmusicales.be\/liege\/wp-json\/wp\/v2\/types\/post"}],"author":[{"embeddable":true,"href":"https:\/\/www.jeunessesmusicales.be\/liege\/wp-json\/wp\/v2\/users\/13"}],"replies":[{"embeddable":true,"href":"https:\/\/www.jeunessesmusicales.be\/liege\/wp-json\/wp\/v2\/comments?post=5246"}],"version-history":[{"count":1,"href":"https:\/\/www.jeunessesmusicales.be\/liege\/wp-json\/wp\/v2\/posts\/5246\/revisions"}],"predecessor-version":[{"id":5248,"href":"https:\/\/www.jeunessesmusicales.be\/liege\/wp-json\/wp\/v2\/posts\/5246\/revisions\/5248"}],"wp:featuredmedia":[{"embeddable":true,"href":"https:\/\/www.jeunessesmusicales.be\/liege\/wp-json\/wp\/v2\/media\/5247"}],"wp:attachment":[{"href":"https:\/\/www.jeunessesmusicales.be\/liege\/wp-json\/wp\/v2\/media?parent=5246"}],"wp:term":[{"taxonomy":"category","embeddable":true,"href":"https:\/\/www.jeunessesmusicales.be\/liege\/wp-json\/wp\/v2\/categories?post=5246"},{"taxonomy":"post_tag","embeddable":true,"href":"https:\/\/www.jeunessesmusicales.be\/liege\/wp-json\/wp\/v2\/tags?post=5246"}],"curies":[{"name":"wp","href":"https:\/\/api.w.org\/{rel}","templated":true}]}}