{"id":5269,"date":"2026-03-08T18:00:27","date_gmt":"2026-03-08T17:00:27","guid":{"rendered":"https:\/\/www.jeunessesmusicales.be\/liege\/?p=5269"},"modified":"2026-02-17T13:47:37","modified_gmt":"2026-02-17T12:47:37","slug":"maya-nashoba-apero-concert","status":"publish","type":"post","link":"https:\/\/www.jeunessesmusicales.be\/liege\/maya-nashoba-apero-concert\/","title":{"rendered":"Maya Nashoba &#8211; Ap\u00e9ro concert"},"content":{"rendered":"<p><span class=\"artist-label\"><span lang=\"FR\"><em><strong>Une pop organique sensible et \u00e0 fleur de peau<\/strong><\/em><\/span><\/span><\/p>\n<p>Suite \u00e0 une p\u00e9riode plut\u00f4t sombre, Maya Nashoba a d\u00fb apprendre \u00e0 accepter les vagues de la vie, \u00e0 l\u00e2cher prise, \u00e0 accueillir ses \u00e9motions et surtout \u00e0 s\u2019aimer telle qu\u2019elle est. La jeune chanteuse belgo-turque donne des concerts avec ses compositions depuis 2017, en compagnie du guitariste Johan Barra, son partenaire dans le projet. Ici, elle se livre sans fard, mais avec d\u00e9licatesse et douceur, tout en donnant libre cours \u00e0 une certaine m\u00e9lancolie et nostalgie. Elle s\u2019inspire de la force et de la sagesse du loup, son animal totem, qui lui rappelle la n\u00e9cessit\u00e9 de faire confiance \u00e0 son instinct.<\/p>\n","protected":false},"excerpt":{"rendered":"<p>Une pop organique sensible et \u00e0 fleur de peau Suite \u00e0 une p\u00e9riode plut\u00f4t sombre, Maya Nashoba a d\u00fb apprendre &hellip; <a href=\"https:\/\/www.jeunessesmusicales.be\/liege\/maya-nashoba-apero-concert\/\" class=\"more-link\">Continue reading <span class=\"screen-reader-text\">Maya Nashoba &#8211; Ap\u00e9ro concert<\/span><\/a><\/p>\n","protected":false},"author":13,"featured_media":5270,"comment_status":"closed","ping_status":"closed","sticky":true,"template":"","format":"standard","meta":{"_acf_changed":false,"footnotes":""},"categories":[5,3],"tags":[],"class_list":["post-5269","post","type-post","status-publish","format-standard","has-post-thumbnail","hentry","category-concerts","category-type-devenement"],"acf":[],"_links":{"self":[{"href":"https:\/\/www.jeunessesmusicales.be\/liege\/wp-json\/wp\/v2\/posts\/5269","targetHints":{"allow":["GET"]}}],"collection":[{"href":"https:\/\/www.jeunessesmusicales.be\/liege\/wp-json\/wp\/v2\/posts"}],"about":[{"href":"https:\/\/www.jeunessesmusicales.be\/liege\/wp-json\/wp\/v2\/types\/post"}],"author":[{"embeddable":true,"href":"https:\/\/www.jeunessesmusicales.be\/liege\/wp-json\/wp\/v2\/users\/13"}],"replies":[{"embeddable":true,"href":"https:\/\/www.jeunessesmusicales.be\/liege\/wp-json\/wp\/v2\/comments?post=5269"}],"version-history":[{"count":2,"href":"https:\/\/www.jeunessesmusicales.be\/liege\/wp-json\/wp\/v2\/posts\/5269\/revisions"}],"predecessor-version":[{"id":5297,"href":"https:\/\/www.jeunessesmusicales.be\/liege\/wp-json\/wp\/v2\/posts\/5269\/revisions\/5297"}],"wp:featuredmedia":[{"embeddable":true,"href":"https:\/\/www.jeunessesmusicales.be\/liege\/wp-json\/wp\/v2\/media\/5270"}],"wp:attachment":[{"href":"https:\/\/www.jeunessesmusicales.be\/liege\/wp-json\/wp\/v2\/media?parent=5269"}],"wp:term":[{"taxonomy":"category","embeddable":true,"href":"https:\/\/www.jeunessesmusicales.be\/liege\/wp-json\/wp\/v2\/categories?post=5269"},{"taxonomy":"post_tag","embeddable":true,"href":"https:\/\/www.jeunessesmusicales.be\/liege\/wp-json\/wp\/v2\/tags?post=5269"}],"curies":[{"name":"wp","href":"https:\/\/api.w.org\/{rel}","templated":true}]}}