{"id":5292,"date":"2026-08-16T18:00:17","date_gmt":"2026-08-16T16:00:17","guid":{"rendered":"https:\/\/www.jeunessesmusicales.be\/liege\/?p=5292"},"modified":"2026-02-06T15:31:50","modified_gmt":"2026-02-06T14:31:50","slug":"musique-eau-vert-stage-residentiel-3","status":"publish","type":"post","link":"https:\/\/www.jeunessesmusicales.be\/liege\/musique-eau-vert-stage-residentiel-3\/","title":{"rendered":"Musique Eau Vert &#8211; Stage r\u00e9sidentiel"},"content":{"rendered":"<p><em><strong>Tous en orchestre ! La Chor\u00e9 et la Bande Son de l\u2019\u00e9t\u00e9.\u00a0<\/strong><\/em><\/p>\n<p dir=\"ltr\"><img decoding=\"async\" class=\"an1\" draggable=\"false\" src=\"https:\/\/fonts.gstatic.com\/s\/e\/notoemoji\/16.0\/1f3b6\/32.png\" alt=\"\" data-emoji=\"\" aria-label=\"\" \/>\u00a0\u00catre ensemble<br \/>\nUn camp c\u2019est avant tout une aventure humaine. Pendant une semaine, nous prenons le temps de\u00a0vivre ensemble, de nous rencontrer, d\u2019apprendre \u00e0 nous conna\u00eetre et de\u00a0cr\u00e9er des liens forts. \u00catre ensemble au quotidien, partager des moments simples et intenses, oser essayer, se d\u00e9passer, s\u2019entraider\u2026 c\u2019est une exp\u00e9rience collective qui permet \u00e0 chacun de\u00a0grandir, \u00e0 son rythme, au sein du groupe.<\/p>\n<p dir=\"ltr\"><img decoding=\"async\" class=\"an1\" draggable=\"false\" src=\"https:\/\/fonts.gstatic.com\/s\/e\/notoemoji\/16.0\/1f3b5\/32.png\" alt=\"\" data-emoji=\"\" aria-label=\"\" \/>\u00a0Jouer ensemble<br \/>\nJouer de la musique, c\u2019est aussi\u00a0jouer ensemble. Cette ann\u00e9e, notre camp est un v\u00e9ritable stage de musique d\u2019ensemble, o\u00f9 diff\u00e9rents instruments se rencontrent pour cr\u00e9er des\u00a0arrangements collectifs. Tu joues d\u00e9j\u00e0 d\u2019un instrument ? Apporte-le. Tu n\u2019en as jamais jou\u00e9 ? C\u2019est parfait aussi. Il y un instrument qui prend la poussi\u00e8re dans la maison et que tu as envie de sortir ? Pr\u00e9viens-nous et nous verrons ensemble si c\u2019est possible de l\u2019utiliser avec toi. D\u00e9butants, curieux, musiciens plus avanc\u00e9s : il y a de la place pour tout le monde, m\u00eame pour celles et ceux qui n\u2019ont jamais touch\u00e9 un instrument. Jouer ensemble c\u2019est aussi\u00a0\u00e9couter, s\u2019\u00e9couter\u00a0: nous pratiquerons l\u2019apprentissage \u201cde bouche \u00e0 oreille\u201d, pratiqu\u00e9 depuis toujours dans tous les coins du monde. Nous arrangerons et jouerons des\u00a0morceaux d\u2019aujourd\u2019hui, d\u2019ici et d\u2019ailleurs, en tenant compte des envies et des capacit\u00e9s de chacun.<\/p>\n<p dir=\"ltr\"><img decoding=\"async\" class=\"an1\" draggable=\"false\" src=\"https:\/\/fonts.gstatic.com\/s\/e\/notoemoji\/16.0\/1f483\/32.png\" alt=\"\" data-emoji=\"\" aria-label=\"\" \/>\u00a0Bouger avec la musique<br \/>\nJouer de la musique, c\u2019est enfin\u00a0mettre le corps en mouvement. Il y aura des temps de danse collective : apprentissage et partage de\u00a0danses traditionnelles, toujours dans un esprit de groupe. Il y aura des temps de\u00a0cr\u00e9ation\u00a0pour que la danse \u00e0 figures d\u2019hier deviennent notre danse de l\u2019\u00e9t\u00e9 !<\/p>\n<p dir=\"ltr\">Notre camp, c\u2019est un espace pour\u00a0\u00eatre soi, d\u00e9couvrir les autres, cr\u00e9er ensemble et repartir avec des souvenirs, des rencontres\u2026 et une musique qui continue de r\u00e9sonner bien apr\u00e8s la fin de la semaine.<\/p>\n<p dir=\"ltr\">Intervenant.e.s musical.e.s : Sarah Della Giustina et Fred Malempr\u00e9<\/p>\n<p dir=\"ltr\">Encadrement : un duo d\u2019\u00e9tudiantes exp\u00e9riment\u00e9es et une \u00e9quipe cuisine\/logistique<\/p>\n","protected":false},"excerpt":{"rendered":"<p>Tous en orchestre ! La Chor\u00e9 et la Bande Son de l\u2019\u00e9t\u00e9.\u00a0 \u00a0\u00catre ensemble Un camp c\u2019est avant tout une &hellip; <a href=\"https:\/\/www.jeunessesmusicales.be\/liege\/musique-eau-vert-stage-residentiel-3\/\" class=\"more-link\">Continue reading <span class=\"screen-reader-text\">Musique Eau Vert &#8211; Stage r\u00e9sidentiel<\/span><\/a><\/p>\n","protected":false},"author":13,"featured_media":5293,"comment_status":"closed","ping_status":"closed","sticky":false,"template":"","format":"standard","meta":{"_acf_changed":false,"footnotes":""},"categories":[6,3],"tags":[],"class_list":["post-5292","post","type-post","status-publish","format-standard","has-post-thumbnail","hentry","category-stages","category-type-devenement"],"acf":[],"_links":{"self":[{"href":"https:\/\/www.jeunessesmusicales.be\/liege\/wp-json\/wp\/v2\/posts\/5292","targetHints":{"allow":["GET"]}}],"collection":[{"href":"https:\/\/www.jeunessesmusicales.be\/liege\/wp-json\/wp\/v2\/posts"}],"about":[{"href":"https:\/\/www.jeunessesmusicales.be\/liege\/wp-json\/wp\/v2\/types\/post"}],"author":[{"embeddable":true,"href":"https:\/\/www.jeunessesmusicales.be\/liege\/wp-json\/wp\/v2\/users\/13"}],"replies":[{"embeddable":true,"href":"https:\/\/www.jeunessesmusicales.be\/liege\/wp-json\/wp\/v2\/comments?post=5292"}],"version-history":[{"count":2,"href":"https:\/\/www.jeunessesmusicales.be\/liege\/wp-json\/wp\/v2\/posts\/5292\/revisions"}],"predecessor-version":[{"id":5295,"href":"https:\/\/www.jeunessesmusicales.be\/liege\/wp-json\/wp\/v2\/posts\/5292\/revisions\/5295"}],"wp:featuredmedia":[{"embeddable":true,"href":"https:\/\/www.jeunessesmusicales.be\/liege\/wp-json\/wp\/v2\/media\/5293"}],"wp:attachment":[{"href":"https:\/\/www.jeunessesmusicales.be\/liege\/wp-json\/wp\/v2\/media?parent=5292"}],"wp:term":[{"taxonomy":"category","embeddable":true,"href":"https:\/\/www.jeunessesmusicales.be\/liege\/wp-json\/wp\/v2\/categories?post=5292"},{"taxonomy":"post_tag","embeddable":true,"href":"https:\/\/www.jeunessesmusicales.be\/liege\/wp-json\/wp\/v2\/tags?post=5292"}],"curies":[{"name":"wp","href":"https:\/\/api.w.org\/{rel}","templated":true}]}}