{"id":1450,"date":"2021-05-09T11:49:32","date_gmt":"2021-05-09T09:49:32","guid":{"rendered":"https:\/\/www.jeunessesmusicales.be\/walloniepicarde\/?p=1450"},"modified":"2021-04-20T14:09:20","modified_gmt":"2021-04-20T12:09:20","slug":"mimixte-au-wapi-kids-festival-de-peruwelz","status":"publish","type":"post","link":"https:\/\/www.jeunessesmusicales.be\/walloniepicarde\/mimixte-au-wapi-kids-festival-de-peruwelz\/","title":{"rendered":"ANNUL\u00c9 &#8211; \u00ab\u00a0Tapapeur?!\u00a0\u00bb au Wapi Kids Festival de P\u00e9ruwelz &#8211; ANNUL\u00c9"},"content":{"rendered":"<p><a rel=\"fancybox[1450]\" href=\"https:\/\/www.jeunessesmusicales.be\/walloniepicarde\/wp-content\/uploads\/sites\/9\/2015\/12\/Capture-d\u2019\u00e9cran-2019-06-20-\u00e0-09.09.36.png\" class=\"fancybox\">09<img loading=\"lazy\" decoding=\"async\" class=\"alignnone wp-image-1400 aligncenter\" src=\"https:\/\/www.jeunessesmusicales.be\/walloniepicarde\/wp-content\/uploads\/sites\/9\/2015\/12\/Capture-d\u2019\u00e9cran-2019-06-20-\u00e0-09.09.36.png\" alt=\"Capture d\u2019\u00e9cran 2019-06-20 \u00e0 09.09.36\" width=\"916\" height=\"122\" srcset=\"https:\/\/www.jeunessesmusicales.be\/walloniepicarde\/wp-content\/uploads\/sites\/9\/2015\/12\/Capture-d\u2019\u00e9cran-2019-06-20-\u00e0-09.09.36.png 1332w, https:\/\/www.jeunessesmusicales.be\/walloniepicarde\/wp-content\/uploads\/sites\/9\/2015\/12\/Capture-d\u2019\u00e9cran-2019-06-20-\u00e0-09.09.36-300x40.png 300w, https:\/\/www.jeunessesmusicales.be\/walloniepicarde\/wp-content\/uploads\/sites\/9\/2015\/12\/Capture-d\u2019\u00e9cran-2019-06-20-\u00e0-09.09.36-768x103.png 768w, https:\/\/www.jeunessesmusicales.be\/walloniepicarde\/wp-content\/uploads\/sites\/9\/2015\/12\/Capture-d\u2019\u00e9cran-2019-06-20-\u00e0-09.09.36-1024x137.png 1024w, https:\/\/www.jeunessesmusicales.be\/walloniepicarde\/wp-content\/uploads\/sites\/9\/2015\/12\/Capture-d\u2019\u00e9cran-2019-06-20-\u00e0-09.09.36-150x20.png 150w\" sizes=\"auto, (max-width: 916px) 100vw, 916px\" \/><\/a><\/p>\n<p style=\"text-align: center;\">Les Jeunesses Musicales en collaboration avec le Centre Culturel Arr\u00eat 59\u00a0pr\u00e9sentent le Wapi Kids Festival.<\/p>\n<p style=\"text-align: center;\">Au programme : animations musicales, bricolage, cuisine, etc. pour toute la famille, une collation, un super spectacle et plein de cadeaux \u00e0 gagner &#x1f609;<\/p>\n<h1 style=\"text-align: center;\"><a rel=\"fancybox[1450]\" href=\"https:\/\/www.jeunessesmusicales.be\/walloniepicarde\/wp-content\/uploads\/sites\/9\/2020\/05\/Capture-d\u2019e\u0301cran-2020-07-17-a\u0300-10.04.59.png\" class=\"fancybox\"><img loading=\"lazy\" decoding=\"async\" class=\" wp-image-1791 aligncenter\" src=\"https:\/\/www.jeunessesmusicales.be\/walloniepicarde\/wp-content\/uploads\/sites\/9\/2020\/05\/Capture-d\u2019e\u0301cran-2020-07-17-a\u0300-10.04.59.png\" alt=\"\" width=\"243\" height=\"345\" srcset=\"https:\/\/www.jeunessesmusicales.be\/walloniepicarde\/wp-content\/uploads\/sites\/9\/2020\/05\/Capture-d\u2019e\u0301cran-2020-07-17-a\u0300-10.04.59.png 306w, https:\/\/www.jeunessesmusicales.be\/walloniepicarde\/wp-content\/uploads\/sites\/9\/2020\/05\/Capture-d\u2019e\u0301cran-2020-07-17-a\u0300-10.04.59-212x300.png 212w, https:\/\/www.jeunessesmusicales.be\/walloniepicarde\/wp-content\/uploads\/sites\/9\/2020\/05\/Capture-d\u2019e\u0301cran-2020-07-17-a\u0300-10.04.59-74x105.png 74w\" sizes=\"auto, (max-width: 243px) 100vw, 243px\" \/><\/a><strong><span style=\"color: #ef3740;\">Tapapeur?!<\/span><\/strong><\/h1>\n<div class=\"artist-project\" style=\"text-align: center;\">\n<div class=\"page\" title=\"Page 41\">\n<div class=\"layoutArea\">\n<div class=\"column\">\n<div class=\"page\" title=\"Page 41\">\n<div class=\"layoutArea\">\n<div class=\"column\">\n<p><strong>3-12 ans<\/strong><\/p>\n<\/div>\n<\/div>\n<\/div>\n<p>Un conte musical in\u00e9dit sur le th\u00e8me de la peur\u2026 Et l\u2019envie d\u2019avoir peur\u00a0! Parce que les chocottes, c\u2019est cool\u00a0: \u00e7a permet de courir se blottir dans les bras de papa et maman, et de crier \u00ab\u00a0au loup\u00a0!!!\u00a0\u00bb \u2013 m\u00eame si le loup, ici, n\u2019a rien fait \u00e0 personne.<\/p>\n<p>Au programme, donc\u00a0: des chansons enfantines sur fond de jazz modal, qui plongeront le public jeune dans d\u2019intenses \u00e9motions, entre rires et larmes (de croco), cris et chuchotements, coups de th\u00e9\u00e2tre et po\u00e9sie. L\u2019histoire\u00a0? Il \u00e9tait une fois l\u2019harmonie entre le monde humain et le monde animal. Cette harmonie g\u00e9n\u00e8re bient\u00f4t l\u2019ennui, et l\u2019envie d\u2019avoir peur. Qu\u2019est-ce qu\u2019avoir peur ? Et de quoi ? Un m\u00e9chant doit \u00eatre d\u00e9sign\u00e9\u2026 Mais qui tiendra ce r\u00f4le ? Et pourquoi sera-t-il choisi ?<\/p>\n<p>Avec les textes de Dominique Brodkom, les enfants seront invite\u0301s a\u0300 pousser la chansonnette, et a\u0300 s\u2019exprimer sur l\u2019objet de leurs peurs (les identifier, les nommer, les mimer). C\u2019est a\u0300 la fois un conte et un concert. Un spectacle interactif et un re\u0301cit des origines (mis en sce\u0300ne par Anette Brodkom).<\/p>\n<p>Soyez sans crainte : c\u0327a se termine bien !<\/p>\n<p>Cr\u00e9dit photo : Elsa Verhoeven<\/p>\n<\/div>\n<\/div>\n<\/div>\n<\/div>\n<h4 id=\"artistes\" style=\"text-align: center;\">ARTISTES<\/h4>\n<div class=\"artist-group\">\n<div class=\"page\" title=\"Page 41\">\n<div class=\"layoutArea\">\n<div class=\"column\">\n<p style=\"text-align: center;\"><strong>Christophe Herrada<\/strong>\u00a0: com\u00e9dien | chant<\/p>\n<p style=\"text-align: center;\"><strong>Charles Michiels<\/strong>\u00a0: clarinettes (Musiques Nouvelles)<\/p>\n<p style=\"text-align: center;\"><strong>Pierre Quiriny<\/strong>\u00a0: marimba | percussions (Musiques Nouvelles)<\/p>\n<p style=\"text-align: center;\">Ce Wapi Kids est organis\u00e9 dans le cadre de la journ\u00e9e Super Famille.<\/p>\n<p style=\"text-align: center;\"><span style=\"color: #ef3740;\">Plus d\u2019infos sur <a style=\"color: #ef3740;\" href=\"http:\/\/www.wapikids.be\">www.wapikids.be<\/a><\/span><\/p>\n<p><a rel=\"fancybox[1450]\" href=\"https:\/\/www.jeunessesmusicales.be\/walloniepicarde\/wp-content\/uploads\/sites\/9\/2015\/12\/wapikids-logo.jpg\" class=\"fancybox\"><img loading=\"lazy\" decoding=\"async\" class=\"alignnone wp-image-1394\" src=\"https:\/\/www.jeunessesmusicales.be\/walloniepicarde\/wp-content\/uploads\/sites\/9\/2015\/12\/wapikids-logo.jpg\" alt=\"wapikids-logo\" width=\"144\" height=\"89\" srcset=\"https:\/\/www.jeunessesmusicales.be\/walloniepicarde\/wp-content\/uploads\/sites\/9\/2015\/12\/wapikids-logo.jpg 2000w, https:\/\/www.jeunessesmusicales.be\/walloniepicarde\/wp-content\/uploads\/sites\/9\/2015\/12\/wapikids-logo-300x186.jpg 300w, https:\/\/www.jeunessesmusicales.be\/walloniepicarde\/wp-content\/uploads\/sites\/9\/2015\/12\/wapikids-logo-768x477.jpg 768w, https:\/\/www.jeunessesmusicales.be\/walloniepicarde\/wp-content\/uploads\/sites\/9\/2015\/12\/wapikids-logo-1024x635.jpg 1024w, https:\/\/www.jeunessesmusicales.be\/walloniepicarde\/wp-content\/uploads\/sites\/9\/2015\/12\/wapikids-logo-825x510.jpg 825w, https:\/\/www.jeunessesmusicales.be\/walloniepicarde\/wp-content\/uploads\/sites\/9\/2015\/12\/wapikids-logo-150x93.jpg 150w\" sizes=\"auto, (max-width: 144px) 100vw, 144px\" \/><\/a>\u00a0 \u00a0\u00a0<a rel=\"fancybox[1450]\" href=\"https:\/\/www.jeunessesmusicales.be\/walloniepicarde\/wp-content\/uploads\/sites\/9\/2015\/12\/2_arret59_noir-02.png\" class=\"fancybox\"><img loading=\"lazy\" decoding=\"async\" class=\"alignnone wp-image-1406\" src=\"https:\/\/www.jeunessesmusicales.be\/walloniepicarde\/wp-content\/uploads\/sites\/9\/2015\/12\/2_arret59_noir-02.png\" alt=\"2_arret59_noir-02\" width=\"181\" height=\"87\" srcset=\"https:\/\/www.jeunessesmusicales.be\/walloniepicarde\/wp-content\/uploads\/sites\/9\/2015\/12\/2_arret59_noir-02.png 2900w, https:\/\/www.jeunessesmusicales.be\/walloniepicarde\/wp-content\/uploads\/sites\/9\/2015\/12\/2_arret59_noir-02-300x143.png 300w, https:\/\/www.jeunessesmusicales.be\/walloniepicarde\/wp-content\/uploads\/sites\/9\/2015\/12\/2_arret59_noir-02-768x367.png 768w, https:\/\/www.jeunessesmusicales.be\/walloniepicarde\/wp-content\/uploads\/sites\/9\/2015\/12\/2_arret59_noir-02-1024x490.png 1024w, https:\/\/www.jeunessesmusicales.be\/walloniepicarde\/wp-content\/uploads\/sites\/9\/2015\/12\/2_arret59_noir-02-150x72.png 150w\" sizes=\"auto, (max-width: 181px) 100vw, 181px\" \/><\/a> <a rel=\"fancybox[1450]\" href=\"https:\/\/www.jeunessesmusicales.be\/walloniepicarde\/wp-content\/uploads\/sites\/9\/2019\/05\/JMWAPI_BGsolid.png\" class=\"fancybox\"><img loading=\"lazy\" decoding=\"async\" class=\"wp-image-1337 alignnone\" src=\"https:\/\/www.jeunessesmusicales.be\/walloniepicarde\/wp-content\/uploads\/sites\/9\/2019\/05\/JMWAPI_BGsolid.png\" alt=\"JMWAPI_BGsolid\" width=\"217\" height=\"38\" srcset=\"https:\/\/www.jeunessesmusicales.be\/walloniepicarde\/wp-content\/uploads\/sites\/9\/2019\/05\/JMWAPI_BGsolid.png 11738w, https:\/\/www.jeunessesmusicales.be\/walloniepicarde\/wp-content\/uploads\/sites\/9\/2019\/05\/JMWAPI_BGsolid-300x52.png 300w, https:\/\/www.jeunessesmusicales.be\/walloniepicarde\/wp-content\/uploads\/sites\/9\/2019\/05\/JMWAPI_BGsolid-768x134.png 768w, https:\/\/www.jeunessesmusicales.be\/walloniepicarde\/wp-content\/uploads\/sites\/9\/2019\/05\/JMWAPI_BGsolid-1024x179.png 1024w, https:\/\/www.jeunessesmusicales.be\/walloniepicarde\/wp-content\/uploads\/sites\/9\/2019\/05\/JMWAPI_BGsolid-150x26.png 150w\" sizes=\"auto, (max-width: 217px) 100vw, 217px\" \/><\/a><\/p>\n<\/div>\n<\/div>\n<\/div>\n<\/div>\n","protected":false},"excerpt":{"rendered":"<p>09 Les Jeunesses Musicales en collaboration avec le Centre Culturel Arr\u00eat 59\u00a0pr\u00e9sentent le Wapi Kids Festival. Au programme : animations &hellip; <a href=\"https:\/\/www.jeunessesmusicales.be\/walloniepicarde\/mimixte-au-wapi-kids-festival-de-peruwelz\/\" class=\"more-link\">Continue reading <span class=\"screen-reader-text\">ANNUL\u00c9 &#8211; \u00ab\u00a0Tapapeur?!\u00a0\u00bb au Wapi Kids Festival de P\u00e9ruwelz &#8211; ANNUL\u00c9<\/span><\/a><\/p>\n","protected":false},"author":15,"featured_media":1791,"comment_status":"closed","ping_status":"closed","sticky":true,"template":"","format":"standard","meta":{"_acf_changed":false,"footnotes":""},"categories":[14,4,3,5,6],"tags":[],"class_list":["post-1450","post","type-post","status-publish","format-standard","has-post-thumbnail","hentry","category-activites-tous-publics","category-articles","category-concerts","category-type-devenement","category-wapi-kids-festival"],"acf":[],"_links":{"self":[{"href":"https:\/\/www.jeunessesmusicales.be\/walloniepicarde\/wp-json\/wp\/v2\/posts\/1450","targetHints":{"allow":["GET"]}}],"collection":[{"href":"https:\/\/www.jeunessesmusicales.be\/walloniepicarde\/wp-json\/wp\/v2\/posts"}],"about":[{"href":"https:\/\/www.jeunessesmusicales.be\/walloniepicarde\/wp-json\/wp\/v2\/types\/post"}],"author":[{"embeddable":true,"href":"https:\/\/www.jeunessesmusicales.be\/walloniepicarde\/wp-json\/wp\/v2\/users\/15"}],"replies":[{"embeddable":true,"href":"https:\/\/www.jeunessesmusicales.be\/walloniepicarde\/wp-json\/wp\/v2\/comments?post=1450"}],"version-history":[{"count":6,"href":"https:\/\/www.jeunessesmusicales.be\/walloniepicarde\/wp-json\/wp\/v2\/posts\/1450\/revisions"}],"predecessor-version":[{"id":2026,"href":"https:\/\/www.jeunessesmusicales.be\/walloniepicarde\/wp-json\/wp\/v2\/posts\/1450\/revisions\/2026"}],"wp:featuredmedia":[{"embeddable":true,"href":"https:\/\/www.jeunessesmusicales.be\/walloniepicarde\/wp-json\/wp\/v2\/media\/1791"}],"wp:attachment":[{"href":"https:\/\/www.jeunessesmusicales.be\/walloniepicarde\/wp-json\/wp\/v2\/media?parent=1450"}],"wp:term":[{"taxonomy":"category","embeddable":true,"href":"https:\/\/www.jeunessesmusicales.be\/walloniepicarde\/wp-json\/wp\/v2\/categories?post=1450"},{"taxonomy":"post_tag","embeddable":true,"href":"https:\/\/www.jeunessesmusicales.be\/walloniepicarde\/wp-json\/wp\/v2\/tags?post=1450"}],"curies":[{"name":"wp","href":"https:\/\/api.w.org\/{rel}","templated":true}]}}