{"id":2444,"date":"2024-08-19T15:08:14","date_gmt":"2024-08-19T13:08:14","guid":{"rendered":"https:\/\/www.jeunessesmusicales.be\/walloniepicarde\/?p=2444"},"modified":"2024-06-13T09:13:27","modified_gmt":"2024-06-13T07:13:27","slug":"stage-dete-aout-hisse-haut-musique-magique-tournai","status":"publish","type":"post","link":"https:\/\/www.jeunessesmusicales.be\/walloniepicarde\/stage-dete-aout-hisse-haut-musique-magique-tournai\/","title":{"rendered":"Stage d&rsquo;\u00e9t\u00e9 : Ao\u00fbt : \u00ab\u00a0Hiss\u00e9 haut\u00a0\u00bb &#038; \u00ab\u00a0Musique magique\u00a0\u00bb Tournai"},"content":{"rendered":"<p style=\"text-align: center;\"><strong>Hiss\u00e9 haut (COMPLET)<br \/>\nDe 3 \u00e0 4 ans<\/strong><\/p>\n<p>La vie d&rsquo;un pirate sur les mers, c&rsquo;est pas la mer \u00e0 boire quand on le fait en chantant.<br \/>\nUne vieille carte a \u00e9t\u00e9 d\u00e9couverte dans un vieux coffre<\/p>\n<p style=\"text-align: center;\"><strong>Musique Magique<br \/>\nDe 5 \u00e0 8 ans<\/strong><\/p>\n<p>Enfile ta blouse blanche et viens faire des exp\u00e9riences sonores de toutes sortes !<br \/>\nGr\u00e2ce au son, nous allons pouvoir modifier l&rsquo;aspect de l&rsquo;eau, cr\u00e9er des formes et faire bouger des objets comme de vrais magiciens<\/p>\n<p style=\"text-align: center;\">INSCRIPTION :<br \/>\n\n<div class=\"wpcf7 no-js\" id=\"wpcf7-f673-o1\" lang=\"fr-FR\" dir=\"ltr\" data-wpcf7-id=\"673\">\n<div class=\"screen-reader-response\"><p role=\"status\" aria-live=\"polite\" aria-atomic=\"true\"><\/p> <ul><\/ul><\/div>\n<form action=\"\/walloniepicarde\/wp-json\/wp\/v2\/posts\/2444#wpcf7-f673-o1\" method=\"post\" class=\"wpcf7-form init\" aria-label=\"Formulaire de contact\" novalidate=\"novalidate\" data-status=\"init\">\n<fieldset class=\"hidden-fields-container\"><input type=\"hidden\" name=\"_wpcf7\" value=\"673\" \/><input type=\"hidden\" name=\"_wpcf7_version\" value=\"6.1.5\" \/><input type=\"hidden\" name=\"_wpcf7_locale\" value=\"fr_FR\" \/><input type=\"hidden\" name=\"_wpcf7_unit_tag\" value=\"wpcf7-f673-o1\" \/><input type=\"hidden\" name=\"_wpcf7_container_post\" value=\"0\" \/><input type=\"hidden\" name=\"_wpcf7_posted_data_hash\" value=\"\" \/>\n<\/fieldset>\n<p><label> Th\u00e9matique du stage (obligatoire)<br \/>\n<span class=\"wpcf7-form-control-wrap\" data-name=\"nomdustage\"><input size=\"40\" maxlength=\"400\" class=\"wpcf7-form-control wpcf7-text wpcf7-validates-as-required\" aria-required=\"true\" aria-invalid=\"false\" value=\"\" type=\"text\" name=\"nomdustage\" \/><\/span> <\/label>\n<\/p>\n<p><label> Nom de l'enfant (obligatoire)<br \/>\n<span class=\"wpcf7-form-control-wrap\" data-name=\"nomdevotreenfant\"><input size=\"40\" maxlength=\"400\" class=\"wpcf7-form-control wpcf7-text wpcf7-validates-as-required\" aria-required=\"true\" aria-invalid=\"false\" value=\"\" type=\"text\" name=\"nomdevotreenfant\" \/><\/span> <\/label>\n<\/p>\n<p><label> Date de naissance de l'enfant (obligatoire)<br \/>\n<span class=\"wpcf7-form-control-wrap\" data-name=\"datedenaissance\"><input size=\"40\" maxlength=\"400\" class=\"wpcf7-form-control wpcf7-text wpcf7-validates-as-required\" aria-required=\"true\" aria-invalid=\"false\" value=\"\" type=\"text\" name=\"datedenaissance\" \/><\/span> <\/label>\n<\/p>\n<p><label> Nom du parent responsable (obligatoire)<br \/>\n<span class=\"wpcf7-form-control-wrap\" data-name=\"Nomduparentresponsable\"><input size=\"40\" maxlength=\"400\" class=\"wpcf7-form-control wpcf7-text wpcf7-validates-as-required\" aria-required=\"true\" aria-invalid=\"false\" value=\"\" type=\"text\" name=\"Nomduparentresponsable\" \/><\/span> <\/label>\n<\/p>\n<p><label> T\u00e9l\u00e9phone (obligatoire)<br \/>\n<span class=\"wpcf7-form-control-wrap\" data-name=\"Numrodetlphone\"><input size=\"40\" maxlength=\"400\" class=\"wpcf7-form-control wpcf7-text wpcf7-validates-as-required\" aria-required=\"true\" aria-invalid=\"false\" value=\"\" type=\"text\" name=\"Numrodetlphone\" \/><\/span> <\/label>\n<\/p>\n<p><label> Adresse mail (obligatoire)<br \/>\n<span class=\"wpcf7-form-control-wrap\" data-name=\"adressemail\"><input size=\"40\" maxlength=\"400\" class=\"wpcf7-form-control wpcf7-email wpcf7-validates-as-required wpcf7-text wpcf7-validates-as-email\" aria-required=\"true\" aria-invalid=\"false\" value=\"\" type=\"email\" name=\"adressemail\" \/><\/span> <\/label>\n<\/p>\n<p><label> Adresse postale (obligatoire)<br \/>\n<span class=\"wpcf7-form-control-wrap\" data-name=\"Adresse\"><input size=\"40\" maxlength=\"400\" class=\"wpcf7-form-control wpcf7-text wpcf7-validates-as-required\" aria-required=\"true\" aria-invalid=\"false\" value=\"\" type=\"text\" name=\"Adresse\" \/><\/span> <\/label>\n<\/p>\n<p><label> Code postal (obligatoire)<br \/>\n<span class=\"wpcf7-form-control-wrap\" data-name=\"Codepostal\"><input size=\"40\" maxlength=\"400\" class=\"wpcf7-form-control wpcf7-text wpcf7-validates-as-required\" aria-required=\"true\" aria-invalid=\"false\" value=\"\" type=\"text\" name=\"Codepostal\" \/><\/span> <\/label>\n<\/p>\n<p><label> Ville (obligatoire)<br \/>\n<span class=\"wpcf7-form-control-wrap\" data-name=\"Ville\"><input size=\"40\" maxlength=\"400\" class=\"wpcf7-form-control wpcf7-text wpcf7-validates-as-required\" aria-required=\"true\" aria-invalid=\"false\" value=\"\" type=\"text\" name=\"Ville\" \/><\/span> <\/label>\n<\/p>\n<p><label> Th\u00e9matique du stage (obligatoire)<br \/>\n<span class=\"wpcf7-form-control-wrap\" data-name=\"nomdustage\"><input size=\"40\" maxlength=\"400\" class=\"wpcf7-form-control wpcf7-text wpcf7-validates-as-required\" aria-required=\"true\" aria-invalid=\"false\" value=\"\" type=\"text\" name=\"nomdustage\" \/><\/span> <\/label>\n<\/p>\n<p>[recaptcha]<br \/>\n<input class=\"wpcf7-form-control wpcf7-submit has-spinner\" type=\"submit\" value=\"Envoyer\" \/>\n<\/p><div class=\"wpcf7-response-output\" aria-hidden=\"true\"><\/div>\n<\/form>\n<\/div>\n<\/p>\n","protected":false},"excerpt":{"rendered":"<p>Hiss\u00e9 haut (COMPLET) De 3 \u00e0 4 ans La vie d&rsquo;un pirate sur les mers, c&rsquo;est pas la mer \u00e0 &hellip; <a href=\"https:\/\/www.jeunessesmusicales.be\/walloniepicarde\/stage-dete-aout-hisse-haut-musique-magique-tournai\/\" class=\"more-link\">Continue reading <span class=\"screen-reader-text\">Stage d&rsquo;\u00e9t\u00e9 : Ao\u00fbt : \u00ab\u00a0Hiss\u00e9 haut\u00a0\u00bb &#038; \u00ab\u00a0Musique magique\u00a0\u00bb Tournai<\/span><\/a><\/p>\n","protected":false},"author":15,"featured_media":2445,"comment_status":"closed","ping_status":"closed","sticky":false,"template":"","format":"standard","meta":{"_acf_changed":false,"footnotes":""},"categories":[14,12,15,5],"tags":[],"class_list":["post-2444","post","type-post","status-publish","format-standard","has-post-thumbnail","hentry","category-activites-tous-publics","category-stages","category-stages-stages","category-type-devenement"],"acf":[],"_links":{"self":[{"href":"https:\/\/www.jeunessesmusicales.be\/walloniepicarde\/wp-json\/wp\/v2\/posts\/2444","targetHints":{"allow":["GET"]}}],"collection":[{"href":"https:\/\/www.jeunessesmusicales.be\/walloniepicarde\/wp-json\/wp\/v2\/posts"}],"about":[{"href":"https:\/\/www.jeunessesmusicales.be\/walloniepicarde\/wp-json\/wp\/v2\/types\/post"}],"author":[{"embeddable":true,"href":"https:\/\/www.jeunessesmusicales.be\/walloniepicarde\/wp-json\/wp\/v2\/users\/15"}],"replies":[{"embeddable":true,"href":"https:\/\/www.jeunessesmusicales.be\/walloniepicarde\/wp-json\/wp\/v2\/comments?post=2444"}],"version-history":[{"count":3,"href":"https:\/\/www.jeunessesmusicales.be\/walloniepicarde\/wp-json\/wp\/v2\/posts\/2444\/revisions"}],"predecessor-version":[{"id":2577,"href":"https:\/\/www.jeunessesmusicales.be\/walloniepicarde\/wp-json\/wp\/v2\/posts\/2444\/revisions\/2577"}],"wp:featuredmedia":[{"embeddable":true,"href":"https:\/\/www.jeunessesmusicales.be\/walloniepicarde\/wp-json\/wp\/v2\/media\/2445"}],"wp:attachment":[{"href":"https:\/\/www.jeunessesmusicales.be\/walloniepicarde\/wp-json\/wp\/v2\/media?parent=2444"}],"wp:term":[{"taxonomy":"category","embeddable":true,"href":"https:\/\/www.jeunessesmusicales.be\/walloniepicarde\/wp-json\/wp\/v2\/categories?post=2444"},{"taxonomy":"post_tag","embeddable":true,"href":"https:\/\/www.jeunessesmusicales.be\/walloniepicarde\/wp-json\/wp\/v2\/tags?post=2444"}],"curies":[{"name":"wp","href":"https:\/\/api.w.org\/{rel}","templated":true}]}}