{"id":2633,"date":"2025-02-24T09:55:02","date_gmt":"2025-02-24T08:55:02","guid":{"rendered":"https:\/\/www.jeunessesmusicales.be\/walloniepicarde\/?p=2633"},"modified":"2024-07-11T15:29:32","modified_gmt":"2024-07-11T13:29:32","slug":"stage-de-carnaval-brugelette","status":"publish","type":"post","link":"https:\/\/www.jeunessesmusicales.be\/walloniepicarde\/stage-de-carnaval-brugelette\/","title":{"rendered":"Stage de carnaval &#8211; Brugelette"},"content":{"rendered":"<p class=\"cvGsUA direction-ltr align-center para-style-body\" style=\"text-align: center;\"><span class=\"OYPEnA text-decoration-none text-strikethrough-none\"><span style=\"color: #ef3740;\"><strong>STAGE MULTIDISCIPLINAIRE<\/strong><\/span><br \/>\n<\/span><span class=\"OYPEnA text-decoration-none text-strikethrough-none\">3-5 ANS<\/span><\/p>\n<p class=\"cvGsUA direction-ltr align-center para-style-body\" style=\"text-align: center;\"><span class=\"OYPEnA text-decoration-none text-strikethrough-none\">Plongeons ensemble dans une aventure festive et rythm\u00e9e! Vibrant au son des percussions exotiques, explorons ensemble l&rsquo;univers joyeux et color\u00e9 du carnaval \u00e0 travers des activit\u00e9s musicales ludiques et cr\u00e9atives. Ensemble, d\u00e9couvrons les rythmes endiabl\u00e9s et les chants festifs qui r\u00e9sonneront dans nos c\u0153urs!<\/span><\/p>\n<p class=\"cvGsUA direction-ltr align-center para-style-body\" style=\"text-align: center;\"><span class=\"OYPEnA text-decoration-none text-strikethrough-none\">Stage organis\u00e9 par le Centre Culturel l&rsquo;Envol.<br \/>\n<\/span><span class=\"OYPEnA text-decoration-none text-strikethrough-none\">Au programme :<\/span><span class=\"OYPEnA text-decoration-none text-strikethrough-none\">musique le matin et arts plastiques l\u2019apr\u00e8s-midi.<\/span><a rel=\"fancybox[2633]\" href=\"https:\/\/www.jeunessesmusicales.be\/walloniepicarde\/wp-content\/uploads\/sites\/9\/2024\/07\/Capture-decran-2024-06-28-a-12.56.57.png\" class=\"fancybox\"><img loading=\"lazy\" decoding=\"async\" class=\" wp-image-2634 aligncenter\" src=\"https:\/\/www.jeunessesmusicales.be\/walloniepicarde\/wp-content\/uploads\/sites\/9\/2024\/07\/Capture-decran-2024-06-28-a-12.56.57.png\" alt=\"\" width=\"92\" height=\"62\" srcset=\"https:\/\/www.jeunessesmusicales.be\/walloniepicarde\/wp-content\/uploads\/sites\/9\/2024\/07\/Capture-decran-2024-06-28-a-12.56.57.png 268w, https:\/\/www.jeunessesmusicales.be\/walloniepicarde\/wp-content\/uploads\/sites\/9\/2024\/07\/Capture-decran-2024-06-28-a-12.56.57-150x102.png 150w\" sizes=\"auto, (max-width: 92px) 100vw, 92px\" \/><\/a><\/p>\n","protected":false},"excerpt":{"rendered":"<p>STAGE MULTIDISCIPLINAIRE 3-5 ANS Plongeons ensemble dans une aventure festive et rythm\u00e9e! Vibrant au son des percussions exotiques, explorons ensemble &hellip; <a href=\"https:\/\/www.jeunessesmusicales.be\/walloniepicarde\/stage-de-carnaval-brugelette\/\" class=\"more-link\">Continue reading <span class=\"screen-reader-text\">Stage de carnaval &#8211; Brugelette<\/span><\/a><\/p>\n","protected":false},"author":15,"featured_media":2635,"comment_status":"closed","ping_status":"closed","sticky":false,"template":"","format":"standard","meta":{"_acf_changed":false,"footnotes":""},"categories":[15,12],"tags":[],"class_list":["post-2633","post","type-post","status-publish","format-standard","has-post-thumbnail","hentry","category-stages-stages","category-stages"],"acf":[],"_links":{"self":[{"href":"https:\/\/www.jeunessesmusicales.be\/walloniepicarde\/wp-json\/wp\/v2\/posts\/2633","targetHints":{"allow":["GET"]}}],"collection":[{"href":"https:\/\/www.jeunessesmusicales.be\/walloniepicarde\/wp-json\/wp\/v2\/posts"}],"about":[{"href":"https:\/\/www.jeunessesmusicales.be\/walloniepicarde\/wp-json\/wp\/v2\/types\/post"}],"author":[{"embeddable":true,"href":"https:\/\/www.jeunessesmusicales.be\/walloniepicarde\/wp-json\/wp\/v2\/users\/15"}],"replies":[{"embeddable":true,"href":"https:\/\/www.jeunessesmusicales.be\/walloniepicarde\/wp-json\/wp\/v2\/comments?post=2633"}],"version-history":[{"count":2,"href":"https:\/\/www.jeunessesmusicales.be\/walloniepicarde\/wp-json\/wp\/v2\/posts\/2633\/revisions"}],"predecessor-version":[{"id":2748,"href":"https:\/\/www.jeunessesmusicales.be\/walloniepicarde\/wp-json\/wp\/v2\/posts\/2633\/revisions\/2748"}],"wp:featuredmedia":[{"embeddable":true,"href":"https:\/\/www.jeunessesmusicales.be\/walloniepicarde\/wp-json\/wp\/v2\/media\/2635"}],"wp:attachment":[{"href":"https:\/\/www.jeunessesmusicales.be\/walloniepicarde\/wp-json\/wp\/v2\/media?parent=2633"}],"wp:term":[{"taxonomy":"category","embeddable":true,"href":"https:\/\/www.jeunessesmusicales.be\/walloniepicarde\/wp-json\/wp\/v2\/categories?post=2633"},{"taxonomy":"post_tag","embeddable":true,"href":"https:\/\/www.jeunessesmusicales.be\/walloniepicarde\/wp-json\/wp\/v2\/tags?post=2633"}],"curies":[{"name":"wp","href":"https:\/\/api.w.org\/{rel}","templated":true}]}}