{"id":2637,"date":"2025-03-03T09:59:40","date_gmt":"2025-03-03T08:59:40","guid":{"rendered":"https:\/\/www.jeunessesmusicales.be\/walloniepicarde\/?p=2637"},"modified":"2025-02-06T10:13:47","modified_gmt":"2025-02-06T09:13:47","slug":"stage-de-carnaval-tournai","status":"publish","type":"post","link":"https:\/\/www.jeunessesmusicales.be\/walloniepicarde\/stage-de-carnaval-tournai\/","title":{"rendered":"Stage de carnaval &#8211; Tournai"},"content":{"rendered":"<p class=\"cvGsUA direction-ltr align-center para-style-body\" style=\"text-align: center;\"><span class=\"OYPEnA text-decoration-none text-strikethrough-none\"><span style=\"color: #ef3740;\"><strong>A WEEK IN NEW ORLEANS COMPLET<\/strong><\/span><br \/>\n<\/span><span class=\"OYPEnA text-decoration-none text-strikethrough-none\">3-4 ANS<\/span><\/p>\n<p class=\"cvGsUA direction-ltr align-center para-style-body\" style=\"text-align: center;\"><span class=\"OYPEnA text-decoration-none text-strikethrough-none\">Venez vous amuser au son du Mardi Gras ! Swinguons au rythme de la Nouvelle-Orl\u00e9ans et voyageons \u00e0 travers cette f\u00eate mythique. D\u00e9couvrons ensemble l&rsquo;histoire de cette c\u00e9l\u00e9bration, apprenons \u00e0 jouer des instruments embl\u00e9matiques et vivons une aventure musicale festive. Joignons-nous \u00e0 la f\u00eate et ressentons l&rsquo;\u00e9nergie de la Nouvelle-Orl\u00e9ans.<\/span><\/p>\n<p class=\"cvGsUA direction-ltr align-center para-style-body\" style=\"text-align: center;\"><span class=\"OYPEnA text-decoration-none text-strikethrough-none\"><span style=\"color: #ef3740;\"><strong>LA BELGITUDE<\/strong><\/span><br \/>\n<\/span><span class=\"OYPEnA text-decoration-none text-strikethrough-none\">5-8 ANS<\/span><\/p>\n<p class=\"cvGsUA direction-ltr align-center para-style-body\" style=\"text-align: center;\"><span class=\"OYPEnA text-decoration-none text-strikethrough-none\">Rejoignons-nous pour explorer la belgitude. D\u00e9couvrons ensemble les m\u00e9lodies du cin\u00e9ma et des chanteurs belges. Apprenons \u00e0 jouer des percussions, \u00e0 danser sur des rythmes de chez nous et \u00e0 chanter des airs populaires.<\/span><\/p>\n<p style=\"text-align: center;\"><span class=\"OYPEnA text-decoration-none text-strikethrough-none\">INSCRIPTION :<br \/>\n\n<div class=\"wpcf7 no-js\" id=\"wpcf7-f673-o1\" lang=\"fr-FR\" dir=\"ltr\" data-wpcf7-id=\"673\">\n<div class=\"screen-reader-response\"><p role=\"status\" aria-live=\"polite\" aria-atomic=\"true\"><\/p> <ul><\/ul><\/div>\n<form action=\"\/walloniepicarde\/wp-json\/wp\/v2\/posts\/2637#wpcf7-f673-o1\" method=\"post\" class=\"wpcf7-form init\" aria-label=\"Formulaire de contact\" novalidate=\"novalidate\" data-status=\"init\">\n<fieldset class=\"hidden-fields-container\"><input type=\"hidden\" name=\"_wpcf7\" value=\"673\" \/><input type=\"hidden\" name=\"_wpcf7_version\" value=\"6.1.5\" \/><input type=\"hidden\" name=\"_wpcf7_locale\" value=\"fr_FR\" \/><input type=\"hidden\" name=\"_wpcf7_unit_tag\" value=\"wpcf7-f673-o1\" \/><input type=\"hidden\" name=\"_wpcf7_container_post\" value=\"0\" \/><input type=\"hidden\" name=\"_wpcf7_posted_data_hash\" value=\"\" \/>\n<\/fieldset>\n<p><label> Th\u00e9matique du stage (obligatoire)<br \/>\n<span class=\"wpcf7-form-control-wrap\" data-name=\"nomdustage\"><input size=\"40\" maxlength=\"400\" class=\"wpcf7-form-control wpcf7-text wpcf7-validates-as-required\" aria-required=\"true\" aria-invalid=\"false\" value=\"\" type=\"text\" name=\"nomdustage\" \/><\/span> <\/label>\n<\/p>\n<p><label> Nom de l'enfant (obligatoire)<br \/>\n<span class=\"wpcf7-form-control-wrap\" data-name=\"nomdevotreenfant\"><input size=\"40\" maxlength=\"400\" class=\"wpcf7-form-control wpcf7-text wpcf7-validates-as-required\" aria-required=\"true\" aria-invalid=\"false\" value=\"\" type=\"text\" name=\"nomdevotreenfant\" \/><\/span> <\/label>\n<\/p>\n<p><label> Date de naissance de l'enfant (obligatoire)<br \/>\n<span class=\"wpcf7-form-control-wrap\" data-name=\"datedenaissance\"><input size=\"40\" maxlength=\"400\" class=\"wpcf7-form-control wpcf7-text wpcf7-validates-as-required\" aria-required=\"true\" aria-invalid=\"false\" value=\"\" type=\"text\" name=\"datedenaissance\" \/><\/span> <\/label>\n<\/p>\n<p><label> Nom du parent responsable (obligatoire)<br \/>\n<span class=\"wpcf7-form-control-wrap\" data-name=\"Nomduparentresponsable\"><input size=\"40\" maxlength=\"400\" class=\"wpcf7-form-control wpcf7-text wpcf7-validates-as-required\" aria-required=\"true\" aria-invalid=\"false\" value=\"\" type=\"text\" name=\"Nomduparentresponsable\" \/><\/span> <\/label>\n<\/p>\n<p><label> T\u00e9l\u00e9phone (obligatoire)<br \/>\n<span class=\"wpcf7-form-control-wrap\" data-name=\"Numrodetlphone\"><input size=\"40\" maxlength=\"400\" class=\"wpcf7-form-control wpcf7-text wpcf7-validates-as-required\" aria-required=\"true\" aria-invalid=\"false\" value=\"\" type=\"text\" name=\"Numrodetlphone\" \/><\/span> <\/label>\n<\/p>\n<p><label> Adresse mail (obligatoire)<br \/>\n<span class=\"wpcf7-form-control-wrap\" data-name=\"adressemail\"><input size=\"40\" maxlength=\"400\" class=\"wpcf7-form-control wpcf7-email wpcf7-validates-as-required wpcf7-text wpcf7-validates-as-email\" aria-required=\"true\" aria-invalid=\"false\" value=\"\" type=\"email\" name=\"adressemail\" \/><\/span> <\/label>\n<\/p>\n<p><label> Adresse postale (obligatoire)<br \/>\n<span class=\"wpcf7-form-control-wrap\" data-name=\"Adresse\"><input size=\"40\" maxlength=\"400\" class=\"wpcf7-form-control wpcf7-text wpcf7-validates-as-required\" aria-required=\"true\" aria-invalid=\"false\" value=\"\" type=\"text\" name=\"Adresse\" \/><\/span> <\/label>\n<\/p>\n<p><label> Code postal (obligatoire)<br \/>\n<span class=\"wpcf7-form-control-wrap\" data-name=\"Codepostal\"><input size=\"40\" maxlength=\"400\" class=\"wpcf7-form-control wpcf7-text wpcf7-validates-as-required\" aria-required=\"true\" aria-invalid=\"false\" value=\"\" type=\"text\" name=\"Codepostal\" \/><\/span> <\/label>\n<\/p>\n<p><label> Ville (obligatoire)<br \/>\n<span class=\"wpcf7-form-control-wrap\" data-name=\"Ville\"><input size=\"40\" maxlength=\"400\" class=\"wpcf7-form-control wpcf7-text wpcf7-validates-as-required\" aria-required=\"true\" aria-invalid=\"false\" value=\"\" type=\"text\" name=\"Ville\" \/><\/span> <\/label>\n<\/p>\n<p><label> Th\u00e9matique du stage (obligatoire)<br \/>\n<span class=\"wpcf7-form-control-wrap\" data-name=\"nomdustage\"><input size=\"40\" maxlength=\"400\" class=\"wpcf7-form-control wpcf7-text wpcf7-validates-as-required\" aria-required=\"true\" aria-invalid=\"false\" value=\"\" type=\"text\" name=\"nomdustage\" \/><\/span> <\/label>\n<\/p>\n<p>[recaptcha]<br \/>\n<input class=\"wpcf7-form-control wpcf7-submit has-spinner\" type=\"submit\" value=\"Envoyer\" \/>\n<\/p><div class=\"wpcf7-response-output\" aria-hidden=\"true\"><\/div>\n<\/form>\n<\/div>\n<\/span><\/p>\n","protected":false},"excerpt":{"rendered":"<p>A WEEK IN NEW ORLEANS COMPLET 3-4 ANS Venez vous amuser au son du Mardi Gras ! Swinguons au rythme &hellip; <a href=\"https:\/\/www.jeunessesmusicales.be\/walloniepicarde\/stage-de-carnaval-tournai\/\" class=\"more-link\">Continue reading <span class=\"screen-reader-text\">Stage de carnaval &#8211; Tournai<\/span><\/a><\/p>\n","protected":false},"author":15,"featured_media":2638,"comment_status":"closed","ping_status":"closed","sticky":false,"template":"","format":"standard","meta":{"_acf_changed":false,"footnotes":""},"categories":[15,12],"tags":[],"class_list":["post-2637","post","type-post","status-publish","format-standard","has-post-thumbnail","hentry","category-stages-stages","category-stages"],"acf":[],"_links":{"self":[{"href":"https:\/\/www.jeunessesmusicales.be\/walloniepicarde\/wp-json\/wp\/v2\/posts\/2637","targetHints":{"allow":["GET"]}}],"collection":[{"href":"https:\/\/www.jeunessesmusicales.be\/walloniepicarde\/wp-json\/wp\/v2\/posts"}],"about":[{"href":"https:\/\/www.jeunessesmusicales.be\/walloniepicarde\/wp-json\/wp\/v2\/types\/post"}],"author":[{"embeddable":true,"href":"https:\/\/www.jeunessesmusicales.be\/walloniepicarde\/wp-json\/wp\/v2\/users\/15"}],"replies":[{"embeddable":true,"href":"https:\/\/www.jeunessesmusicales.be\/walloniepicarde\/wp-json\/wp\/v2\/comments?post=2637"}],"version-history":[{"count":2,"href":"https:\/\/www.jeunessesmusicales.be\/walloniepicarde\/wp-json\/wp\/v2\/posts\/2637\/revisions"}],"predecessor-version":[{"id":2793,"href":"https:\/\/www.jeunessesmusicales.be\/walloniepicarde\/wp-json\/wp\/v2\/posts\/2637\/revisions\/2793"}],"wp:featuredmedia":[{"embeddable":true,"href":"https:\/\/www.jeunessesmusicales.be\/walloniepicarde\/wp-json\/wp\/v2\/media\/2638"}],"wp:attachment":[{"href":"https:\/\/www.jeunessesmusicales.be\/walloniepicarde\/wp-json\/wp\/v2\/media?parent=2637"}],"wp:term":[{"taxonomy":"category","embeddable":true,"href":"https:\/\/www.jeunessesmusicales.be\/walloniepicarde\/wp-json\/wp\/v2\/categories?post=2637"},{"taxonomy":"post_tag","embeddable":true,"href":"https:\/\/www.jeunessesmusicales.be\/walloniepicarde\/wp-json\/wp\/v2\/tags?post=2637"}],"curies":[{"name":"wp","href":"https:\/\/api.w.org\/{rel}","templated":true}]}}