{"id":2660,"date":"2025-08-18T10:25:42","date_gmt":"2025-08-18T08:25:42","guid":{"rendered":"https:\/\/www.jeunessesmusicales.be\/walloniepicarde\/?p=2660"},"modified":"2025-01-15T14:47:49","modified_gmt":"2025-01-15T13:47:49","slug":"stage-daout-mouscron","status":"publish","type":"post","link":"https:\/\/www.jeunessesmusicales.be\/walloniepicarde\/stage-daout-mouscron\/","title":{"rendered":"Stage d&rsquo;ao\u00fbt &#8211; Mouscron"},"content":{"rendered":"<p class=\"cvGsUA direction-ltr align-center para-style-body\" style=\"text-align: center;\"><span class=\"OYPEnA text-decoration-none text-strikethrough-none\"><span style=\"color: #ef3740;\"><strong>LA RENTR\u00c9E EN MUSIQUE COMPLET<\/strong><\/span><br \/>\n<\/span><span class=\"OYPEnA text-decoration-none text-strikethrough-none\">3-4 ANS<br \/>\n<\/span><span class=\"OYPEnA text-decoration-none text-strikethrough-none\">D\u00e9marrons l&rsquo;ann\u00e9e scolaire en musique ! D\u00e9couvrons divers instruments et apprenons de nouveaux styles musicaux dans une ambiance joyeuse et enrichissante.<\/span> <span class=\"OYPEnA text-decoration-none text-strikethrough-none\">Faisons de la musique notre alli\u00e9e pour une rentr\u00e9e pleine d&rsquo;\u00e9nergie et de cr\u00e9ativit\u00e9 !<\/span><\/p>\n<p class=\"cvGsUA direction-ltr align-center para-style-body\" style=\"text-align: center;\"><span style=\"color: #ef3740;\"><strong><span class=\"OYPEnA text-decoration-none text-strikethrough-none\">\u00c7A PERCUTE ! COMPLET<br \/>\n<\/span><\/strong><\/span><span class=\"OYPEnA text-decoration-none text-strikethrough-none\">5-8 ANS<br \/>\n<\/span><span class=\"OYPEnA text-decoration-none text-strikethrough-none\">Participons \u00e0 une exp\u00e9rience musicale immersive en explorant des instruments de percussion du monde entier ! D\u00e9veloppons notre cr\u00e9ativit\u00e9, notre coordination et notre sens du rythme. Rejoignons-nous pour une aventure musicale inoubliable !<\/span><\/p>\n<p>&nbsp;<\/p>\n<p class=\"cvGsUA direction-ltr align-center para-style-body\" style=\"text-align: center;\"><span class=\"OYPEnA text-decoration-none text-strikethrough-none\"><span style=\"color: #ef3740;\"><strong>MUSIQUE ET CIN\u00c9MA<\/strong><\/span><br \/>\n<\/span><span class=\"OYPEnA text-decoration-none text-strikethrough-none\">9-12 ANS<br \/>\n<\/span><span class=\"OYPEnA text-decoration-none text-strikethrough-none\">Chantons les airs c\u00e9l\u00e8bres des dessins anim\u00e9s, s\u00e9ries et films cultes. Dansons sur les rythmes enjou\u00e9s de nos tubes pr\u00e9f\u00e9r\u00e9s. Une immersion estivale dans un univers musical et cin\u00e9matographique nous attend !<\/span><\/p>\n<p class=\"cvGsUA direction-ltr align-center para-style-body\" style=\"text-align: center;\"><span class=\"OYPEnA text-decoration-none text-strikethrough-none\"><a rel=\"fancybox[2660]\" href=\"https:\/\/www.jeunessesmusicales.be\/walloniepicarde\/wp-content\/uploads\/sites\/9\/2024\/07\/Capture-decran-2024-07-11-a-10.04.49-1.png\" class=\"fancybox\"><img loading=\"lazy\" decoding=\"async\" class=\"alignnone wp-image-2661\" src=\"https:\/\/www.jeunessesmusicales.be\/walloniepicarde\/wp-content\/uploads\/sites\/9\/2024\/07\/Capture-decran-2024-07-11-a-10.04.49-1.png\" alt=\"\" width=\"97\" height=\"53\" srcset=\"https:\/\/www.jeunessesmusicales.be\/walloniepicarde\/wp-content\/uploads\/sites\/9\/2024\/07\/Capture-decran-2024-07-11-a-10.04.49-1.png 215w, https:\/\/www.jeunessesmusicales.be\/walloniepicarde\/wp-content\/uploads\/sites\/9\/2024\/07\/Capture-decran-2024-07-11-a-10.04.49-1-150x82.png 150w\" sizes=\"auto, (max-width: 97px) 100vw, 97px\" \/><\/a><\/span><\/p>\n<p>INSCRIPTION :<br \/>\n\n<div class=\"wpcf7 no-js\" id=\"wpcf7-f673-o1\" lang=\"fr-FR\" dir=\"ltr\" data-wpcf7-id=\"673\">\n<div class=\"screen-reader-response\"><p role=\"status\" aria-live=\"polite\" aria-atomic=\"true\"><\/p> <ul><\/ul><\/div>\n<form action=\"\/walloniepicarde\/wp-json\/wp\/v2\/posts\/2660#wpcf7-f673-o1\" method=\"post\" class=\"wpcf7-form init\" aria-label=\"Formulaire de contact\" novalidate=\"novalidate\" data-status=\"init\">\n<fieldset class=\"hidden-fields-container\"><input type=\"hidden\" name=\"_wpcf7\" value=\"673\" \/><input type=\"hidden\" name=\"_wpcf7_version\" value=\"6.1.5\" \/><input type=\"hidden\" name=\"_wpcf7_locale\" value=\"fr_FR\" \/><input type=\"hidden\" name=\"_wpcf7_unit_tag\" value=\"wpcf7-f673-o1\" \/><input type=\"hidden\" name=\"_wpcf7_container_post\" value=\"0\" \/><input type=\"hidden\" name=\"_wpcf7_posted_data_hash\" value=\"\" \/>\n<\/fieldset>\n<p><label> Th\u00e9matique du stage (obligatoire)<br \/>\n<span class=\"wpcf7-form-control-wrap\" data-name=\"nomdustage\"><input size=\"40\" maxlength=\"400\" class=\"wpcf7-form-control wpcf7-text wpcf7-validates-as-required\" aria-required=\"true\" aria-invalid=\"false\" value=\"\" type=\"text\" name=\"nomdustage\" \/><\/span> <\/label>\n<\/p>\n<p><label> Nom de l'enfant (obligatoire)<br \/>\n<span class=\"wpcf7-form-control-wrap\" data-name=\"nomdevotreenfant\"><input size=\"40\" maxlength=\"400\" class=\"wpcf7-form-control wpcf7-text wpcf7-validates-as-required\" aria-required=\"true\" aria-invalid=\"false\" value=\"\" type=\"text\" name=\"nomdevotreenfant\" \/><\/span> <\/label>\n<\/p>\n<p><label> Date de naissance de l'enfant (obligatoire)<br \/>\n<span class=\"wpcf7-form-control-wrap\" data-name=\"datedenaissance\"><input size=\"40\" maxlength=\"400\" class=\"wpcf7-form-control wpcf7-text wpcf7-validates-as-required\" aria-required=\"true\" aria-invalid=\"false\" value=\"\" type=\"text\" name=\"datedenaissance\" \/><\/span> <\/label>\n<\/p>\n<p><label> Nom du parent responsable (obligatoire)<br \/>\n<span class=\"wpcf7-form-control-wrap\" data-name=\"Nomduparentresponsable\"><input size=\"40\" maxlength=\"400\" class=\"wpcf7-form-control wpcf7-text wpcf7-validates-as-required\" aria-required=\"true\" aria-invalid=\"false\" value=\"\" type=\"text\" name=\"Nomduparentresponsable\" \/><\/span> <\/label>\n<\/p>\n<p><label> T\u00e9l\u00e9phone (obligatoire)<br \/>\n<span class=\"wpcf7-form-control-wrap\" data-name=\"Numrodetlphone\"><input size=\"40\" maxlength=\"400\" class=\"wpcf7-form-control wpcf7-text wpcf7-validates-as-required\" aria-required=\"true\" aria-invalid=\"false\" value=\"\" type=\"text\" name=\"Numrodetlphone\" \/><\/span> <\/label>\n<\/p>\n<p><label> Adresse mail (obligatoire)<br \/>\n<span class=\"wpcf7-form-control-wrap\" data-name=\"adressemail\"><input size=\"40\" maxlength=\"400\" class=\"wpcf7-form-control wpcf7-email wpcf7-validates-as-required wpcf7-text wpcf7-validates-as-email\" aria-required=\"true\" aria-invalid=\"false\" value=\"\" type=\"email\" name=\"adressemail\" \/><\/span> <\/label>\n<\/p>\n<p><label> Adresse postale (obligatoire)<br \/>\n<span class=\"wpcf7-form-control-wrap\" data-name=\"Adresse\"><input size=\"40\" maxlength=\"400\" class=\"wpcf7-form-control wpcf7-text wpcf7-validates-as-required\" aria-required=\"true\" aria-invalid=\"false\" value=\"\" type=\"text\" name=\"Adresse\" \/><\/span> <\/label>\n<\/p>\n<p><label> Code postal (obligatoire)<br \/>\n<span class=\"wpcf7-form-control-wrap\" data-name=\"Codepostal\"><input size=\"40\" maxlength=\"400\" class=\"wpcf7-form-control wpcf7-text wpcf7-validates-as-required\" aria-required=\"true\" aria-invalid=\"false\" value=\"\" type=\"text\" name=\"Codepostal\" \/><\/span> <\/label>\n<\/p>\n<p><label> Ville (obligatoire)<br \/>\n<span class=\"wpcf7-form-control-wrap\" data-name=\"Ville\"><input size=\"40\" maxlength=\"400\" class=\"wpcf7-form-control wpcf7-text wpcf7-validates-as-required\" aria-required=\"true\" aria-invalid=\"false\" value=\"\" type=\"text\" name=\"Ville\" \/><\/span> <\/label>\n<\/p>\n<p><label> Th\u00e9matique du stage (obligatoire)<br \/>\n<span class=\"wpcf7-form-control-wrap\" data-name=\"nomdustage\"><input size=\"40\" maxlength=\"400\" class=\"wpcf7-form-control wpcf7-text wpcf7-validates-as-required\" aria-required=\"true\" aria-invalid=\"false\" value=\"\" type=\"text\" name=\"nomdustage\" \/><\/span> <\/label>\n<\/p>\n<p>[recaptcha]<br \/>\n<input class=\"wpcf7-form-control wpcf7-submit has-spinner\" type=\"submit\" value=\"Envoyer\" \/>\n<\/p><div class=\"wpcf7-response-output\" aria-hidden=\"true\"><\/div>\n<\/form>\n<\/div>\n<\/p>\n","protected":false},"excerpt":{"rendered":"<p>LA RENTR\u00c9E EN MUSIQUE COMPLET 3-4 ANS D\u00e9marrons l&rsquo;ann\u00e9e scolaire en musique ! D\u00e9couvrons divers instruments et apprenons de nouveaux &hellip; <a href=\"https:\/\/www.jeunessesmusicales.be\/walloniepicarde\/stage-daout-mouscron\/\" class=\"more-link\">Continue reading <span class=\"screen-reader-text\">Stage d&rsquo;ao\u00fbt &#8211; Mouscron<\/span><\/a><\/p>\n","protected":false},"author":15,"featured_media":2662,"comment_status":"closed","ping_status":"closed","sticky":false,"template":"","format":"standard","meta":{"_acf_changed":false,"footnotes":""},"categories":[1,12,15],"tags":[],"class_list":["post-2660","post","type-post","status-publish","format-standard","has-post-thumbnail","hentry","category-non-classe","category-stages","category-stages-stages"],"acf":[],"_links":{"self":[{"href":"https:\/\/www.jeunessesmusicales.be\/walloniepicarde\/wp-json\/wp\/v2\/posts\/2660","targetHints":{"allow":["GET"]}}],"collection":[{"href":"https:\/\/www.jeunessesmusicales.be\/walloniepicarde\/wp-json\/wp\/v2\/posts"}],"about":[{"href":"https:\/\/www.jeunessesmusicales.be\/walloniepicarde\/wp-json\/wp\/v2\/types\/post"}],"author":[{"embeddable":true,"href":"https:\/\/www.jeunessesmusicales.be\/walloniepicarde\/wp-json\/wp\/v2\/users\/15"}],"replies":[{"embeddable":true,"href":"https:\/\/www.jeunessesmusicales.be\/walloniepicarde\/wp-json\/wp\/v2\/comments?post=2660"}],"version-history":[{"count":4,"href":"https:\/\/www.jeunessesmusicales.be\/walloniepicarde\/wp-json\/wp\/v2\/posts\/2660\/revisions"}],"predecessor-version":[{"id":2787,"href":"https:\/\/www.jeunessesmusicales.be\/walloniepicarde\/wp-json\/wp\/v2\/posts\/2660\/revisions\/2787"}],"wp:featuredmedia":[{"embeddable":true,"href":"https:\/\/www.jeunessesmusicales.be\/walloniepicarde\/wp-json\/wp\/v2\/media\/2662"}],"wp:attachment":[{"href":"https:\/\/www.jeunessesmusicales.be\/walloniepicarde\/wp-json\/wp\/v2\/media?parent=2660"}],"wp:term":[{"taxonomy":"category","embeddable":true,"href":"https:\/\/www.jeunessesmusicales.be\/walloniepicarde\/wp-json\/wp\/v2\/categories?post=2660"},{"taxonomy":"post_tag","embeddable":true,"href":"https:\/\/www.jeunessesmusicales.be\/walloniepicarde\/wp-json\/wp\/v2\/tags?post=2660"}],"curies":[{"name":"wp","href":"https:\/\/api.w.org\/{rel}","templated":true}]}}