{"id":2690,"date":"2025-02-09T11:07:51","date_gmt":"2025-02-09T10:07:51","guid":{"rendered":"https:\/\/www.jeunessesmusicales.be\/walloniepicarde\/wapi-kids-festival-de-beloeil-julien-helene-copy\/"},"modified":"2024-07-11T11:29:02","modified_gmt":"2024-07-11T09:29:02","slug":"wapi-kids-festival-de-beloeil-julien-helene-copy","status":"publish","type":"post","link":"https:\/\/www.jeunessesmusicales.be\/walloniepicarde\/wapi-kids-festival-de-beloeil-julien-helene-copy\/","title":{"rendered":"Wapi Kids Festival de Beloeil &#8211; Julien et H\u00e9l\u00e8ne"},"content":{"rendered":"<p style=\"text-align: center;\"><em><span class=\"OYPEnA text-decoration-none text-strikethrough-none\">En collaboration avec le Foyer Culturel de Beloeil<\/span><\/em><\/p>\n<p class=\"cvGsUA direction-ltr align-center para-style-body\"><span class=\"OYPEnA text-decoration-none text-strikethrough-none\">Oscar est le doudou de Simone, avec qui il va r\u00e9guli\u00e8rement au parc. Un jour, il est oubli\u00e9 sur un banc\u2026 et commence alors un p\u00e9riple musical. Il envoie \u00e0 son amie des cartes postales depuis chaque lieu qu\u2019il visite, tout en d\u00e9crivant l\u2019\u00e9tat de notre plan\u00e8te au travers des yeux des animaux. Un bonobo chante depuis son zoo que son Congo lui manque, le crocodile ne veut plus se fatiguer parce qu\u2019il fait trop chaud, une m\u00e9duse s\u2019entiche d\u2019un sachet plastique dans une histoire d\u2019amour pas tr\u00e8s romantique\u2026<br \/>\n<\/span><span class=\"OYPEnA text-decoration-none text-strikethrough-none\">Les chansons, dr\u00f4les, entra\u00eenantes et non moralisatrices, racontent chacune une histoire et m\u00e8nent \u00e0 la d\u00e9couverte de styles musicaux de par le monde : le blues, la bossa nova, la musique irlandaise, le funk ou encore le jazz.<\/span><\/p>\n<p class=\"cvGsUA direction-ltr align-center para-style-body\"><em><span class=\"OYPEnA text-decoration-none text-strikethrough-none\">Artistes : Julien Gugel : chant, guitare, basse, harmonica, percussion<br \/>\n<\/span><span class=\"OYPEnA text-decoration-none text-strikethrough-none\">H\u00e9l\u00e8ne Van Loo : chant, fl\u00fbte traversi\u00e8re, percussions<br \/>\n<\/span><span class=\"OYPEnA text-decoration-none text-strikethrough-none\">Nicolas Scalliet : batterie<\/span><\/em><\/p>\n<p><a rel=\"fancybox[2690]\" href=\"https:\/\/www.jeunessesmusicales.be\/walloniepicarde\/wp-content\/uploads\/sites\/9\/2025\/01\/images-3.png\" class=\"fancybox\"><img loading=\"lazy\" decoding=\"async\" class=\"wp-image-2687 aligncenter\" src=\"https:\/\/www.jeunessesmusicales.be\/walloniepicarde\/wp-content\/uploads\/sites\/9\/2025\/01\/images-3.png\" alt=\"\" width=\"154\" height=\"77\" srcset=\"https:\/\/www.jeunessesmusicales.be\/walloniepicarde\/wp-content\/uploads\/sites\/9\/2025\/01\/images-3.png 317w, https:\/\/www.jeunessesmusicales.be\/walloniepicarde\/wp-content\/uploads\/sites\/9\/2025\/01\/images-3-300x150.png 300w, https:\/\/www.jeunessesmusicales.be\/walloniepicarde\/wp-content\/uploads\/sites\/9\/2025\/01\/images-3-150x75.png 150w\" sizes=\"auto, (max-width: 154px) 100vw, 154px\" \/><\/a><a rel=\"fancybox[2690]\" href=\"https:\/\/www.jeunessesmusicales.be\/walloniepicarde\/wp-content\/uploads\/sites\/9\/2024\/07\/wapikids-logo.png\" class=\"fancybox\"><img loading=\"lazy\" decoding=\"async\" class=\"wp-image-2667 aligncenter\" src=\"https:\/\/www.jeunessesmusicales.be\/walloniepicarde\/wp-content\/uploads\/sites\/9\/2024\/07\/wapikids-logo.png\" alt=\"\" width=\"115\" height=\"71\" srcset=\"https:\/\/www.jeunessesmusicales.be\/walloniepicarde\/wp-content\/uploads\/sites\/9\/2024\/07\/wapikids-logo.png 2000w, https:\/\/www.jeunessesmusicales.be\/walloniepicarde\/wp-content\/uploads\/sites\/9\/2024\/07\/wapikids-logo-300x186.png 300w, https:\/\/www.jeunessesmusicales.be\/walloniepicarde\/wp-content\/uploads\/sites\/9\/2024\/07\/wapikids-logo-1024x635.png 1024w, https:\/\/www.jeunessesmusicales.be\/walloniepicarde\/wp-content\/uploads\/sites\/9\/2024\/07\/wapikids-logo-768x477.png 768w, https:\/\/www.jeunessesmusicales.be\/walloniepicarde\/wp-content\/uploads\/sites\/9\/2024\/07\/wapikids-logo-1536x953.png 1536w, https:\/\/www.jeunessesmusicales.be\/walloniepicarde\/wp-content\/uploads\/sites\/9\/2024\/07\/wapikids-logo-825x510.png 825w, https:\/\/www.jeunessesmusicales.be\/walloniepicarde\/wp-content\/uploads\/sites\/9\/2024\/07\/wapikids-logo-150x93.png 150w\" sizes=\"auto, (max-width: 115px) 100vw, 115px\" \/><\/a><\/p>\n","protected":false},"excerpt":{"rendered":"<p>En collaboration avec le Foyer Culturel de Beloeil Oscar est le doudou de Simone, avec qui il va r\u00e9guli\u00e8rement au &hellip; <a href=\"https:\/\/www.jeunessesmusicales.be\/walloniepicarde\/wapi-kids-festival-de-beloeil-julien-helene-copy\/\" class=\"more-link\">Continue reading <span class=\"screen-reader-text\">Wapi Kids Festival de Beloeil &#8211; Julien et H\u00e9l\u00e8ne<\/span><\/a><\/p>\n","protected":false},"author":15,"featured_media":2688,"comment_status":"closed","ping_status":"closed","sticky":false,"template":"","format":"standard","meta":{"_acf_changed":false,"footnotes":""},"categories":[3,6],"tags":[],"class_list":["post-2690","post","type-post","status-publish","format-standard","has-post-thumbnail","hentry","category-concerts","category-wapi-kids-festival"],"acf":[],"_links":{"self":[{"href":"https:\/\/www.jeunessesmusicales.be\/walloniepicarde\/wp-json\/wp\/v2\/posts\/2690","targetHints":{"allow":["GET"]}}],"collection":[{"href":"https:\/\/www.jeunessesmusicales.be\/walloniepicarde\/wp-json\/wp\/v2\/posts"}],"about":[{"href":"https:\/\/www.jeunessesmusicales.be\/walloniepicarde\/wp-json\/wp\/v2\/types\/post"}],"author":[{"embeddable":true,"href":"https:\/\/www.jeunessesmusicales.be\/walloniepicarde\/wp-json\/wp\/v2\/users\/15"}],"replies":[{"embeddable":true,"href":"https:\/\/www.jeunessesmusicales.be\/walloniepicarde\/wp-json\/wp\/v2\/comments?post=2690"}],"version-history":[{"count":1,"href":"https:\/\/www.jeunessesmusicales.be\/walloniepicarde\/wp-json\/wp\/v2\/posts\/2690\/revisions"}],"predecessor-version":[{"id":2706,"href":"https:\/\/www.jeunessesmusicales.be\/walloniepicarde\/wp-json\/wp\/v2\/posts\/2690\/revisions\/2706"}],"wp:featuredmedia":[{"embeddable":true,"href":"https:\/\/www.jeunessesmusicales.be\/walloniepicarde\/wp-json\/wp\/v2\/media\/2688"}],"wp:attachment":[{"href":"https:\/\/www.jeunessesmusicales.be\/walloniepicarde\/wp-json\/wp\/v2\/media?parent=2690"}],"wp:term":[{"taxonomy":"category","embeddable":true,"href":"https:\/\/www.jeunessesmusicales.be\/walloniepicarde\/wp-json\/wp\/v2\/categories?post=2690"},{"taxonomy":"post_tag","embeddable":true,"href":"https:\/\/www.jeunessesmusicales.be\/walloniepicarde\/wp-json\/wp\/v2\/tags?post=2690"}],"curies":[{"name":"wp","href":"https:\/\/api.w.org\/{rel}","templated":true}]}}