{"id":2694,"date":"2025-02-23T11:10:45","date_gmt":"2025-02-23T10:10:45","guid":{"rendered":"https:\/\/www.jeunessesmusicales.be\/walloniepicarde\/wapi-kids-festival-de-antoing-mamadou-drame-copy\/"},"modified":"2024-07-11T11:28:38","modified_gmt":"2024-07-11T09:28:38","slug":"wapi-kids-festival-de-antoing-mamadou-drame-copy","status":"publish","type":"post","link":"https:\/\/www.jeunessesmusicales.be\/walloniepicarde\/wapi-kids-festival-de-antoing-mamadou-drame-copy\/","title":{"rendered":"Wapi Kids Festival d&rsquo;Antoing &#8211; Mamadou Dram\u00e9"},"content":{"rendered":"<p style=\"text-align: center;\"><em><span class=\"OYPEnA text-decoration-none text-strikethrough-none\">En collaboration avec le Foyer Socioculturel d\u00a0\u00bbAntoing<\/span><\/em><\/p>\n<p class=\"cvGsUA direction-ltr align-center para-style-body\" style=\"text-align: center;\"><span class=\"OYPEnA text-decoration-none text-strikethrough-none\">Mamadou Dram\u00e9 est un virtuose de la kora (instrument muni de nombreuses cordes pinc\u00e9es) de l\u2019Afrique de l\u2019Ouest utilis\u00e9 traditionnellement par les familles de griots (caste de po\u00e8tes-musiciens de tradition orale), dont il est lui-m\u00eame un descendant. N\u00e9 en Casamance dans le sud du S\u00e9n\u00e9gal, il commence \u00e0 jouer de cette harpe africaine d\u00e8s l\u2019\u00e2ge de 8 ans, fascin\u00e9 par ce voluptueux instrument traditionnel mandingue que lui font d\u00e9couvrir son p\u00e8re et son grand-p\u00e8re, Lalo K\u00e9ba Dram\u00e9, lui-m\u00eame koriste reconnu.<br \/>\n<\/span><span class=\"OYPEnA text-decoration-none text-strikethrough-none\">\u00c9galement excellent chanteur et conteur, Mamadou \u00e9tudie au Conservatoire de Dakar (il y pr\u00e9sente un m\u00e9moire sur l\u2019\u00e9volution de la kora de ses origines \u00e0 nos jours) et joue de nombreuses ann\u00e9es dans la capitale s\u00e9n\u00e9galaise notamment au sein de l\u2019Ensemble Instrumental de l\u2019Ecole Nationale des Arts. Il part pour l\u2019Europe, s\u2019installe en Belgique et se produit depuis sur diff\u00e9rentes sc\u00e8nes belges et europ\u00e9ennes, d\u00e9diant une grande partie de son temps \u00e0 l\u2019enseignement et \u00e0 la transmission de son art.<\/span><\/p>\n<p class=\"cvGsUA direction-ltr align-center para-style-body\" style=\"text-align: center;\"><em><span class=\"OYPEnA text-decoration-none text-strikethrough-none\">Artistes : Mamadou Dram\u00e9 : Kora, chant<\/span><\/em><\/p>\n<p><a rel=\"fancybox[2694]\" href=\"https:\/\/www.jeunessesmusicales.be\/walloniepicarde\/wp-content\/uploads\/sites\/9\/2025\/02\/images-4.png\" class=\"fancybox\"><img loading=\"lazy\" decoding=\"async\" class=\"wp-image-2691 size-full aligncenter\" src=\"https:\/\/www.jeunessesmusicales.be\/walloniepicarde\/wp-content\/uploads\/sites\/9\/2025\/02\/images-4.png\" alt=\"\" width=\"150\" height=\"75\" \/><\/a><a rel=\"fancybox[2694]\" href=\"https:\/\/www.jeunessesmusicales.be\/walloniepicarde\/wp-content\/uploads\/sites\/9\/2024\/07\/wapikids-logo.png\" class=\"fancybox\"><img loading=\"lazy\" decoding=\"async\" class=\"wp-image-2667 aligncenter\" src=\"https:\/\/www.jeunessesmusicales.be\/walloniepicarde\/wp-content\/uploads\/sites\/9\/2024\/07\/wapikids-logo.png\" alt=\"\" width=\"115\" height=\"71\" srcset=\"https:\/\/www.jeunessesmusicales.be\/walloniepicarde\/wp-content\/uploads\/sites\/9\/2024\/07\/wapikids-logo.png 2000w, https:\/\/www.jeunessesmusicales.be\/walloniepicarde\/wp-content\/uploads\/sites\/9\/2024\/07\/wapikids-logo-300x186.png 300w, https:\/\/www.jeunessesmusicales.be\/walloniepicarde\/wp-content\/uploads\/sites\/9\/2024\/07\/wapikids-logo-1024x635.png 1024w, https:\/\/www.jeunessesmusicales.be\/walloniepicarde\/wp-content\/uploads\/sites\/9\/2024\/07\/wapikids-logo-768x477.png 768w, https:\/\/www.jeunessesmusicales.be\/walloniepicarde\/wp-content\/uploads\/sites\/9\/2024\/07\/wapikids-logo-1536x953.png 1536w, https:\/\/www.jeunessesmusicales.be\/walloniepicarde\/wp-content\/uploads\/sites\/9\/2024\/07\/wapikids-logo-825x510.png 825w, https:\/\/www.jeunessesmusicales.be\/walloniepicarde\/wp-content\/uploads\/sites\/9\/2024\/07\/wapikids-logo-150x93.png 150w\" sizes=\"auto, (max-width: 115px) 100vw, 115px\" \/><\/a><\/p>\n","protected":false},"excerpt":{"rendered":"<p>En collaboration avec le Foyer Socioculturel d\u00a0\u00bbAntoing Mamadou Dram\u00e9 est un virtuose de la kora (instrument muni de nombreuses cordes &hellip; <a href=\"https:\/\/www.jeunessesmusicales.be\/walloniepicarde\/wapi-kids-festival-de-antoing-mamadou-drame-copy\/\" class=\"more-link\">Continue reading <span class=\"screen-reader-text\">Wapi Kids Festival d&rsquo;Antoing &#8211; Mamadou Dram\u00e9<\/span><\/a><\/p>\n","protected":false},"author":15,"featured_media":2692,"comment_status":"closed","ping_status":"closed","sticky":false,"template":"","format":"standard","meta":{"_acf_changed":false,"footnotes":""},"categories":[3,6],"tags":[],"class_list":["post-2694","post","type-post","status-publish","format-standard","has-post-thumbnail","hentry","category-concerts","category-wapi-kids-festival"],"acf":[],"_links":{"self":[{"href":"https:\/\/www.jeunessesmusicales.be\/walloniepicarde\/wp-json\/wp\/v2\/posts\/2694","targetHints":{"allow":["GET"]}}],"collection":[{"href":"https:\/\/www.jeunessesmusicales.be\/walloniepicarde\/wp-json\/wp\/v2\/posts"}],"about":[{"href":"https:\/\/www.jeunessesmusicales.be\/walloniepicarde\/wp-json\/wp\/v2\/types\/post"}],"author":[{"embeddable":true,"href":"https:\/\/www.jeunessesmusicales.be\/walloniepicarde\/wp-json\/wp\/v2\/users\/15"}],"replies":[{"embeddable":true,"href":"https:\/\/www.jeunessesmusicales.be\/walloniepicarde\/wp-json\/wp\/v2\/comments?post=2694"}],"version-history":[{"count":1,"href":"https:\/\/www.jeunessesmusicales.be\/walloniepicarde\/wp-json\/wp\/v2\/posts\/2694\/revisions"}],"predecessor-version":[{"id":2705,"href":"https:\/\/www.jeunessesmusicales.be\/walloniepicarde\/wp-json\/wp\/v2\/posts\/2694\/revisions\/2705"}],"wp:featuredmedia":[{"embeddable":true,"href":"https:\/\/www.jeunessesmusicales.be\/walloniepicarde\/wp-json\/wp\/v2\/media\/2692"}],"wp:attachment":[{"href":"https:\/\/www.jeunessesmusicales.be\/walloniepicarde\/wp-json\/wp\/v2\/media?parent=2694"}],"wp:term":[{"taxonomy":"category","embeddable":true,"href":"https:\/\/www.jeunessesmusicales.be\/walloniepicarde\/wp-json\/wp\/v2\/categories?post=2694"},{"taxonomy":"post_tag","embeddable":true,"href":"https:\/\/www.jeunessesmusicales.be\/walloniepicarde\/wp-json\/wp\/v2\/tags?post=2694"}],"curies":[{"name":"wp","href":"https:\/\/api.w.org\/{rel}","templated":true}]}}