{"id":2866,"date":"2026-02-16T14:45:32","date_gmt":"2026-02-16T13:45:32","guid":{"rendered":"https:\/\/www.jeunessesmusicales.be\/walloniepicarde\/?p=2866"},"modified":"2025-07-07T15:02:06","modified_gmt":"2025-07-07T13:02:06","slug":"stages-de-carnaval-tournai","status":"publish","type":"post","link":"https:\/\/www.jeunessesmusicales.be\/walloniepicarde\/stages-de-carnaval-tournai\/","title":{"rendered":"Stages de carnaval &#8211; tournai"},"content":{"rendered":"<p class=\"cvGsUA direction-ltr align-start para-style-body\" style=\"text-align: center;\"><span class=\"OYPEnA text-decoration-none text-strikethrough-none\"><span class=\"OYPEnA font-feature-liga-off font-feature-clig-off font-feature-calt-off text-decoration-none text-strikethrough-none\"><span style=\"color: #ef3740;\"><strong>Brasilia Carnaval !<\/strong><\/span><br \/>\n<\/span><\/span><span class=\"OYPEnA text-decoration-none text-strikethrough-none\">3 &#8211; 4 ans<\/span><\/p>\n<p class=\"cvGsUA direction-ltr align-center para-style-body\" style=\"text-align: center;\"><span class=\"OYPEnA font-feature-liga-off font-feature-clig-off font-feature-calt-off text-decoration-none text-strikethrough-none\">Pr\u00e9parons nos plus beaux costumes et embarquons avec JM Airlines pour un vol direct vers Rio de Janeiro ! Nous d\u00e9couvrirons ensemble le c\u00e9l\u00e8bre carnaval br\u00e9silien : ses rythmes envo\u00fbtants, ses danses color\u00e9es, ses percussions festives et son \u00e9nergie d\u00e9bordante. Chaque jour, nous chanterons, jouerons, bougerons et cr\u00e9erons au rythme de la samba. Une semaine haute en couleurs et en bonne humeur !<\/span><\/p>\n<p class=\"cvGsUA direction-ltr align-center para-style-body\" style=\"text-align: center;\"><span class=\"OYPEnA text-decoration-none text-strikethrough-none\"><span style=\"color: #ef3740;\"><strong><span class=\"OYPEnA font-feature-liga-off font-feature-clig-off font-feature-calt-off text-decoration-none text-strikethrough-none\">Percussions en f\u00eate<\/span><\/strong><\/span><br \/>\n5 &#8211; 8 ans<\/span><\/p>\n<p class=\"cvGsUA direction-ltr align-center para-style-body\" style=\"text-align: center;\"><span class=\"OYPEnA font-feature-liga-off font-feature-clig-off font-feature-calt-off text-decoration-none text-strikethrough-none\">Embarquons pour un tour du monde des percussions autour de la<\/span><span class=\"OYPEnA font-feature-liga-off font-feature-clig-off font-feature-calt-off text-decoration-none text-strikethrough-none white-space-prewrap\">\u00a0<\/span><span class=\"OYPEnA font-feature-liga-off font-feature-clig-off font-feature-calt-off text-decoration-none text-strikethrough-none\">samba, batucada, salsa, cha-cha-cha\u2026 Nous d\u00e9couvrirons les rythmes qui font vibrer les carnavals d\u2019Am\u00e9rique latine, d\u2019Afrique et d\u2019ailleurs. Une semaine festive, pleine d\u2019\u00e9nergie et de musique entra\u00eenante nous attend !<\/span><\/p>\n<p style=\"text-align: center;\">INSCRIPTION :<br \/>\n\n<div class=\"wpcf7 no-js\" id=\"wpcf7-f673-o1\" lang=\"fr-FR\" dir=\"ltr\" data-wpcf7-id=\"673\">\n<div class=\"screen-reader-response\"><p role=\"status\" aria-live=\"polite\" aria-atomic=\"true\"><\/p> <ul><\/ul><\/div>\n<form action=\"\/walloniepicarde\/wp-json\/wp\/v2\/posts\/2866#wpcf7-f673-o1\" method=\"post\" class=\"wpcf7-form init\" aria-label=\"Formulaire de contact\" novalidate=\"novalidate\" data-status=\"init\">\n<fieldset class=\"hidden-fields-container\"><input type=\"hidden\" name=\"_wpcf7\" value=\"673\" \/><input type=\"hidden\" name=\"_wpcf7_version\" value=\"6.1.5\" \/><input type=\"hidden\" name=\"_wpcf7_locale\" value=\"fr_FR\" \/><input type=\"hidden\" name=\"_wpcf7_unit_tag\" value=\"wpcf7-f673-o1\" \/><input type=\"hidden\" name=\"_wpcf7_container_post\" value=\"0\" \/><input type=\"hidden\" name=\"_wpcf7_posted_data_hash\" value=\"\" \/>\n<\/fieldset>\n<p><label> Th\u00e9matique du stage (obligatoire)<br \/>\n<span class=\"wpcf7-form-control-wrap\" data-name=\"nomdustage\"><input size=\"40\" maxlength=\"400\" class=\"wpcf7-form-control wpcf7-text wpcf7-validates-as-required\" aria-required=\"true\" aria-invalid=\"false\" value=\"\" type=\"text\" name=\"nomdustage\" \/><\/span> <\/label>\n<\/p>\n<p><label> Nom de l'enfant (obligatoire)<br \/>\n<span class=\"wpcf7-form-control-wrap\" data-name=\"nomdevotreenfant\"><input size=\"40\" maxlength=\"400\" class=\"wpcf7-form-control wpcf7-text wpcf7-validates-as-required\" aria-required=\"true\" aria-invalid=\"false\" value=\"\" type=\"text\" name=\"nomdevotreenfant\" \/><\/span> <\/label>\n<\/p>\n<p><label> Date de naissance de l'enfant (obligatoire)<br \/>\n<span class=\"wpcf7-form-control-wrap\" data-name=\"datedenaissance\"><input size=\"40\" maxlength=\"400\" class=\"wpcf7-form-control wpcf7-text wpcf7-validates-as-required\" aria-required=\"true\" aria-invalid=\"false\" value=\"\" type=\"text\" name=\"datedenaissance\" \/><\/span> <\/label>\n<\/p>\n<p><label> Nom du parent responsable (obligatoire)<br \/>\n<span class=\"wpcf7-form-control-wrap\" data-name=\"Nomduparentresponsable\"><input size=\"40\" maxlength=\"400\" class=\"wpcf7-form-control wpcf7-text wpcf7-validates-as-required\" aria-required=\"true\" aria-invalid=\"false\" value=\"\" type=\"text\" name=\"Nomduparentresponsable\" \/><\/span> <\/label>\n<\/p>\n<p><label> T\u00e9l\u00e9phone (obligatoire)<br \/>\n<span class=\"wpcf7-form-control-wrap\" data-name=\"Numrodetlphone\"><input size=\"40\" maxlength=\"400\" class=\"wpcf7-form-control wpcf7-text wpcf7-validates-as-required\" aria-required=\"true\" aria-invalid=\"false\" value=\"\" type=\"text\" name=\"Numrodetlphone\" \/><\/span> <\/label>\n<\/p>\n<p><label> Adresse mail (obligatoire)<br \/>\n<span class=\"wpcf7-form-control-wrap\" data-name=\"adressemail\"><input size=\"40\" maxlength=\"400\" class=\"wpcf7-form-control wpcf7-email wpcf7-validates-as-required wpcf7-text wpcf7-validates-as-email\" aria-required=\"true\" aria-invalid=\"false\" value=\"\" type=\"email\" name=\"adressemail\" \/><\/span> <\/label>\n<\/p>\n<p><label> Adresse postale (obligatoire)<br \/>\n<span class=\"wpcf7-form-control-wrap\" data-name=\"Adresse\"><input size=\"40\" maxlength=\"400\" class=\"wpcf7-form-control wpcf7-text wpcf7-validates-as-required\" aria-required=\"true\" aria-invalid=\"false\" value=\"\" type=\"text\" name=\"Adresse\" \/><\/span> <\/label>\n<\/p>\n<p><label> Code postal (obligatoire)<br \/>\n<span class=\"wpcf7-form-control-wrap\" data-name=\"Codepostal\"><input size=\"40\" maxlength=\"400\" class=\"wpcf7-form-control wpcf7-text wpcf7-validates-as-required\" aria-required=\"true\" aria-invalid=\"false\" value=\"\" type=\"text\" name=\"Codepostal\" \/><\/span> <\/label>\n<\/p>\n<p><label> Ville (obligatoire)<br \/>\n<span class=\"wpcf7-form-control-wrap\" data-name=\"Ville\"><input size=\"40\" maxlength=\"400\" class=\"wpcf7-form-control wpcf7-text wpcf7-validates-as-required\" aria-required=\"true\" aria-invalid=\"false\" value=\"\" type=\"text\" name=\"Ville\" \/><\/span> <\/label>\n<\/p>\n<p><label> Th\u00e9matique du stage (obligatoire)<br \/>\n<span class=\"wpcf7-form-control-wrap\" data-name=\"nomdustage\"><input size=\"40\" maxlength=\"400\" class=\"wpcf7-form-control wpcf7-text wpcf7-validates-as-required\" aria-required=\"true\" aria-invalid=\"false\" value=\"\" type=\"text\" name=\"nomdustage\" \/><\/span> <\/label>\n<\/p>\n<p>[recaptcha]<br \/>\n<input class=\"wpcf7-form-control wpcf7-submit has-spinner\" type=\"submit\" value=\"Envoyer\" \/>\n<\/p><div class=\"wpcf7-response-output\" aria-hidden=\"true\"><\/div>\n<\/form>\n<\/div>\n<\/p>\n","protected":false},"excerpt":{"rendered":"<p>Brasilia Carnaval ! 3 &#8211; 4 ans Pr\u00e9parons nos plus beaux costumes et embarquons avec JM Airlines pour un vol &hellip; <a href=\"https:\/\/www.jeunessesmusicales.be\/walloniepicarde\/stages-de-carnaval-tournai\/\" class=\"more-link\">Continue reading <span class=\"screen-reader-text\">Stages de carnaval &#8211; tournai<\/span><\/a><\/p>\n","protected":false},"author":15,"featured_media":2867,"comment_status":"closed","ping_status":"closed","sticky":false,"template":"","format":"standard","meta":{"_acf_changed":false,"footnotes":""},"categories":[12],"tags":[],"class_list":["post-2866","post","type-post","status-publish","format-standard","has-post-thumbnail","hentry","category-stages"],"acf":[],"_links":{"self":[{"href":"https:\/\/www.jeunessesmusicales.be\/walloniepicarde\/wp-json\/wp\/v2\/posts\/2866","targetHints":{"allow":["GET"]}}],"collection":[{"href":"https:\/\/www.jeunessesmusicales.be\/walloniepicarde\/wp-json\/wp\/v2\/posts"}],"about":[{"href":"https:\/\/www.jeunessesmusicales.be\/walloniepicarde\/wp-json\/wp\/v2\/types\/post"}],"author":[{"embeddable":true,"href":"https:\/\/www.jeunessesmusicales.be\/walloniepicarde\/wp-json\/wp\/v2\/users\/15"}],"replies":[{"embeddable":true,"href":"https:\/\/www.jeunessesmusicales.be\/walloniepicarde\/wp-json\/wp\/v2\/comments?post=2866"}],"version-history":[{"count":2,"href":"https:\/\/www.jeunessesmusicales.be\/walloniepicarde\/wp-json\/wp\/v2\/posts\/2866\/revisions"}],"predecessor-version":[{"id":2882,"href":"https:\/\/www.jeunessesmusicales.be\/walloniepicarde\/wp-json\/wp\/v2\/posts\/2866\/revisions\/2882"}],"wp:featuredmedia":[{"embeddable":true,"href":"https:\/\/www.jeunessesmusicales.be\/walloniepicarde\/wp-json\/wp\/v2\/media\/2867"}],"wp:attachment":[{"href":"https:\/\/www.jeunessesmusicales.be\/walloniepicarde\/wp-json\/wp\/v2\/media?parent=2866"}],"wp:term":[{"taxonomy":"category","embeddable":true,"href":"https:\/\/www.jeunessesmusicales.be\/walloniepicarde\/wp-json\/wp\/v2\/categories?post=2866"},{"taxonomy":"post_tag","embeddable":true,"href":"https:\/\/www.jeunessesmusicales.be\/walloniepicarde\/wp-json\/wp\/v2\/tags?post=2866"}],"curies":[{"name":"wp","href":"https:\/\/api.w.org\/{rel}","templated":true}]}}