{"id":2869,"date":"2026-02-23T14:51:00","date_gmt":"2026-02-23T13:51:00","guid":{"rendered":"https:\/\/www.jeunessesmusicales.be\/walloniepicarde\/?p=2869"},"modified":"2025-07-07T14:57:32","modified_gmt":"2025-07-07T12:57:32","slug":"stages-de-carnaval-mouscron","status":"publish","type":"post","link":"https:\/\/www.jeunessesmusicales.be\/walloniepicarde\/stages-de-carnaval-mouscron\/","title":{"rendered":"Stages de carnaval &#8211; mouscron"},"content":{"rendered":"<p class=\"cvGsUA direction-ltr align-start para-style-body\" style=\"text-align: center;\"><span class=\"OYPEnA text-decoration-none text-strikethrough-none\"><span class=\"OYPEnA font-feature-liga-off font-feature-clig-off font-feature-calt-off text-decoration-none text-strikethrough-none\"><span style=\"color: #ef3740;\"><strong>\u00c0 cloche-sc\u00e8ne <\/strong><\/span><br \/>\n<\/span><\/span><span class=\"OYPEnA text-decoration-none text-strikethrough-none\">3 &#8211; 12 ans<\/span><\/p>\n<p class=\"cvGsUA direction-ltr align-start para-style-body\" style=\"text-align: center;\"><span class=\"OYPEnA font-feature-liga-off font-feature-clig-off font-feature-calt-off text-decoration-none text-strikethrough-none\">Nos stages de Carnaval au Centre Culturel de Mouscron ont la particularit\u00e9 de s\u2019inscrire dans le cadre du Festival \u00e0 Cloche-Sc\u00e8ne.<\/span><\/p>\n<p class=\"cvGsUA direction-ltr align-start para-style-body\" style=\"text-align: center;\"><span class=\"OYPEnA font-feature-liga-off font-feature-clig-off font-feature-calt-off text-decoration-none text-strikethrough-none\">En plus des animations musicales habituelles, chaque apr\u00e8s-midi, les enfants assisteront \u00e0 un spectacle sp\u00e9cialement adapt\u00e9 \u00e0 leur \u00e2ge.<\/span><\/p>\n<p class=\"cvGsUA direction-ltr align-start para-style-body\" style=\"text-align: center;\"><span class=\"OYPEnA font-feature-liga-off font-feature-clig-off font-feature-calt-off text-decoration-none text-strikethrough-none\">Pris en charge de 09h \u00e0 14h30 par nos animateurs, les deux groupes d\u2019enfants seront ensuite encadr\u00e9s par l\u2019\u00e9quipe du CCM et de la Ligue des Familles pendant et apr\u00e8s le spectacle jusqu\u2019\u00e0 17h.<\/span><\/p>\n<p style=\"text-align: center;\">Inscriptions \u00e0 partir du 02\/01\/26 sur le site internet du Centre Culturel<\/p>\n<p><a rel=\"fancybox[2869]\" href=\"https:\/\/www.jeunessesmusicales.be\/walloniepicarde\/wp-content\/uploads\/sites\/9\/2024\/07\/CCM1.jpg\" class=\"fancybox\"><br \/>\n<img loading=\"lazy\" decoding=\"async\" class=\"wp-image-2628 aligncenter\" src=\"https:\/\/www.jeunessesmusicales.be\/walloniepicarde\/wp-content\/uploads\/sites\/9\/2024\/07\/CCM1.jpg\" alt=\"\" width=\"110\" height=\"94\" srcset=\"https:\/\/www.jeunessesmusicales.be\/walloniepicarde\/wp-content\/uploads\/sites\/9\/2024\/07\/CCM1.jpg 1131w, https:\/\/www.jeunessesmusicales.be\/walloniepicarde\/wp-content\/uploads\/sites\/9\/2024\/07\/CCM1-300x258.jpg 300w, https:\/\/www.jeunessesmusicales.be\/walloniepicarde\/wp-content\/uploads\/sites\/9\/2024\/07\/CCM1-1024x880.jpg 1024w, https:\/\/www.jeunessesmusicales.be\/walloniepicarde\/wp-content\/uploads\/sites\/9\/2024\/07\/CCM1-768x660.jpg 768w, https:\/\/www.jeunessesmusicales.be\/walloniepicarde\/wp-content\/uploads\/sites\/9\/2024\/07\/CCM1-122x105.jpg 122w\" sizes=\"auto, (max-width: 110px) 100vw, 110px\" \/><\/a><\/p>\n","protected":false},"excerpt":{"rendered":"<p>\u00c0 cloche-sc\u00e8ne 3 &#8211; 12 ans Nos stages de Carnaval au Centre Culturel de Mouscron ont la particularit\u00e9 de s\u2019inscrire &hellip; <a href=\"https:\/\/www.jeunessesmusicales.be\/walloniepicarde\/stages-de-carnaval-mouscron\/\" class=\"more-link\">Continue reading <span class=\"screen-reader-text\">Stages de carnaval &#8211; mouscron<\/span><\/a><\/p>\n","protected":false},"author":15,"featured_media":2877,"comment_status":"closed","ping_status":"closed","sticky":false,"template":"","format":"standard","meta":{"_acf_changed":false,"footnotes":""},"categories":[12],"tags":[],"class_list":["post-2869","post","type-post","status-publish","format-standard","has-post-thumbnail","hentry","category-stages"],"acf":[],"_links":{"self":[{"href":"https:\/\/www.jeunessesmusicales.be\/walloniepicarde\/wp-json\/wp\/v2\/posts\/2869","targetHints":{"allow":["GET"]}}],"collection":[{"href":"https:\/\/www.jeunessesmusicales.be\/walloniepicarde\/wp-json\/wp\/v2\/posts"}],"about":[{"href":"https:\/\/www.jeunessesmusicales.be\/walloniepicarde\/wp-json\/wp\/v2\/types\/post"}],"author":[{"embeddable":true,"href":"https:\/\/www.jeunessesmusicales.be\/walloniepicarde\/wp-json\/wp\/v2\/users\/15"}],"replies":[{"embeddable":true,"href":"https:\/\/www.jeunessesmusicales.be\/walloniepicarde\/wp-json\/wp\/v2\/comments?post=2869"}],"version-history":[{"count":1,"href":"https:\/\/www.jeunessesmusicales.be\/walloniepicarde\/wp-json\/wp\/v2\/posts\/2869\/revisions"}],"predecessor-version":[{"id":2878,"href":"https:\/\/www.jeunessesmusicales.be\/walloniepicarde\/wp-json\/wp\/v2\/posts\/2869\/revisions\/2878"}],"wp:featuredmedia":[{"embeddable":true,"href":"https:\/\/www.jeunessesmusicales.be\/walloniepicarde\/wp-json\/wp\/v2\/media\/2877"}],"wp:attachment":[{"href":"https:\/\/www.jeunessesmusicales.be\/walloniepicarde\/wp-json\/wp\/v2\/media?parent=2869"}],"wp:term":[{"taxonomy":"category","embeddable":true,"href":"https:\/\/www.jeunessesmusicales.be\/walloniepicarde\/wp-json\/wp\/v2\/categories?post=2869"},{"taxonomy":"post_tag","embeddable":true,"href":"https:\/\/www.jeunessesmusicales.be\/walloniepicarde\/wp-json\/wp\/v2\/tags?post=2869"}],"curies":[{"name":"wp","href":"https:\/\/api.w.org\/{rel}","templated":true}]}}